{"id":100069,"date":"2023-11-05T18:17:01","date_gmt":"2023-11-05T21:17:01","guid":{"rendered":"https:\/\/corrientesdetarde.com\/?p=100069"},"modified":"2023-11-05T18:17:13","modified_gmt":"2023-11-05T21:17:13","slug":"jovenes-chocaron-contra-un-auto-en-san-luis-del-palmar","status":"publish","type":"post","link":"https:\/\/corrientesdetarde.com\/index.php\/policiales\/jovenes-chocaron-contra-un-auto-en-san-luis-del-palmar\/","title":{"rendered":"J\u00f3venes chocaron contra un auto en San Luis del Palmar."},"content":{"rendered":"\n<h2 class=\"wp-block-heading\">De acuerdo a informaci\u00f3n policial, se trata de dos menores de edad que iban en moto y sufrieron lesiones de gravedad a ra\u00edz del siniestro. Ambos fueron derivados a la capital correntina para su observaci\u00f3n.<\/h2>\n\n\n\n<p>Dos j\u00f3venes que viajaban en una motocicleta se accidentaron este s\u00e1bado por la tarde en San Luis del Palmar. Ambos menores de edad, sufrieron heridas de gravedad tras impactar contra un auto.<\/p>\n\n\n\n<p>Seg\u00fan informaci\u00f3n policial de la Comisar\u00eda Distrito de San Luis del Palmar, el siniestro ocurri\u00f3 por calle C\u00f3rdoba y Buenos Aires de la localidad correntina. Adem\u00e1s de los chicos, tuvo como art\u00edfice del hecho a un hombre de 31 a\u00f1os que manejaba un Peugeot 207 contra el que estrell\u00f3 la motocicleta Mondial 125 cc.<\/p>\n\n\n\n<p>A ra\u00edz del impacto, ambos menores resultaron con lesiones de car\u00e1cter grave y por lo cual fueron trasladados al hospital local. M\u00e1s tarde, uno de los heridos, de 17 a\u00f1os, fue derivado al Hospital Escuela de la ciudad de Corrientes. Mientras que el otro menor fue al Hospital Pedi\u00e1trico Juan Pablo II para sus respectivas atenciones m\u00e9dicas.<\/p>\n","protected":false},"excerpt":{"rendered":"<p>De acuerdo a informaci\u00f3n policial, se trata de dos menores de edad que iban en moto y sufrieron lesiones de gravedad a ra\u00edz del siniestro. Ambos fueron derivados a la&hellip; <\/p>\n","protected":false},"author":6,"featured_media":100070,"comment_status":"closed","ping_status":"open","sticky":false,"template":"","format":"standard","meta":{"footnotes":""},"categories":[33],"tags":[],"class_list":["post-100069","post","type-post","status-publish","format-standard","has-post-thumbnail","hentry","category-policiales"],"_links":{"self":[{"href":"https:\/\/corrientesdetarde.com\/index.php\/wp-json\/wp\/v2\/posts\/100069","targetHints":{"allow":["GET"]}}],"collection":[{"href":"https:\/\/corrientesdetarde.com\/index.php\/wp-json\/wp\/v2\/posts"}],"about":[{"href":"https:\/\/corrientesdetarde.com\/index.php\/wp-json\/wp\/v2\/types\/post"}],"author":[{"embeddable":true,"href":"https:\/\/corrientesdetarde.com\/index.php\/wp-json\/wp\/v2\/users\/6"}],"replies":[{"embeddable":true,"href":"https:\/\/corrientesdetarde.com\/index.php\/wp-json\/wp\/v2\/comments?post=100069"}],"version-history":[{"count":1,"href":"https:\/\/corrientesdetarde.com\/index.php\/wp-json\/wp\/v2\/posts\/100069\/revisions"}],"predecessor-version":[{"id":100071,"href":"https:\/\/corrientesdetarde.com\/index.php\/wp-json\/wp\/v2\/posts\/100069\/revisions\/100071"}],"wp:featuredmedia":[{"embeddable":true,"href":"https:\/\/corrientesdetarde.com\/index.php\/wp-json\/wp\/v2\/media\/100070"}],"wp:attachment":[{"href":"https:\/\/corrientesdetarde.com\/index.php\/wp-json\/wp\/v2\/media?parent=100069"}],"wp:term":[{"taxonomy":"category","embeddable":true,"href":"https:\/\/corrientesdetarde.com\/index.php\/wp-json\/wp\/v2\/categories?post=100069"},{"taxonomy":"post_tag","embeddable":true,"href":"https:\/\/corrientesdetarde.com\/index.php\/wp-json\/wp\/v2\/tags?post=100069"}],"curies":[{"name":"wp","href":"https:\/\/api.w.org\/{rel}","templated":true}]}}