{"id":100075,"date":"2023-11-05T19:03:41","date_gmt":"2023-11-05T22:03:41","guid":{"rendered":"https:\/\/corrientesdetarde.com\/?p=100075"},"modified":"2023-11-05T19:03:52","modified_gmt":"2023-11-05T22:03:52","slug":"los-curas-villeros-presionan-desde-el-vaticano-para-que-el-papa-visite-la-argentina","status":"publish","type":"post","link":"https:\/\/corrientesdetarde.com\/index.php\/internacionales\/los-curas-villeros-presionan-desde-el-vaticano-para-que-el-papa-visite-la-argentina\/","title":{"rendered":"Los curas villeros presionan desde el Vaticano para que el Papa visite la Argentina."},"content":{"rendered":"\n<h2 class=\"wp-block-heading\">La llevaron miembros de la Familia Grande Hogar de Cristo, que agrupa a numerosos centros barriales y es encabezada por el conocido sacerdote Jos\u00e9 Di Paola, el \u201cpadre Pepe\u201d.<\/h2>\n\n\n\n<p>Una bandera argentina con la inscripci\u00f3n \u201c<strong>Ven\u00ed Francisco tu pueblo te espera<\/strong>\u201d apareci\u00f3 este domingo en la Plaza de San Pedro, en el Vaticano, en momentos de la tradicional oraci\u00f3n mariana del Angelus que realiz\u00f3 el Papa desde la ventana de su despacho del Palacio Apost\u00f3lico.<\/p>\n\n\n\n<p>La bandera llevaba el logo de La Familia Grande Hogar de Cristo, que agrupa a numerosos centros barriales y es encabezada por el conocido sacerdote\u00a0<strong>Jos\u00e9 Di Paola<\/strong>, m\u00e1s conocido como el \u201c<strong>padre Pepe<\/strong>\u201d, referente de los llamados \u201c<strong>curas villeros<\/strong>\u201d.<\/p>\n\n\n\n<p>La bandera forma parte de una campa\u00f1a para lograr la postergada visita papal a la Argentina.<\/p>\n\n\n\n<h2 class=\"wp-block-heading\">Qu\u00e9 dijeron los organizadores de la campa\u00f1a<\/h2>\n\n\n\n<p>La bandera fue desplegada por un enviado de la entidad, acompa\u00f1ado por otras personas que viajaron especialmente a Roma.<\/p>\n\n\n\n<p>\u201c\u00a1Emoci\u00f3n pura! Nuestra bandera con el mensaje \u201cVENI, FRANCISCO, TU PUEBLO TE ESPERA\u201d se hizo presente hoy en el Angelus del Papa en la Plaza San Pedro\u201d, escribi\u00f3 el Hogar de Cristo en un mensaje en X, la antigua Twitter.<\/p>\n\n\n\n<figure class=\"wp-block-image\"><img decoding=\"async\" src=\"https:\/\/tn.com.ar\/resizer\/7hiH2vGvpTKwOP_1Jrj_MPKUveQ=\/767x0\/smart\/filters:format(webp)\/cloudfront-us-east-1.images.arcpublishing.com\/artear\/3MIOR5OPGBEKRJM6DOOKU6633M.JPG\" alt=\"El tuit del Hogar de Cristo (Foto: X\/@HogarDeCristoFG)\"\/><figcaption>El tuit del Hogar de Cristo (Foto: X\/@HogarDeCristoFG)<\/figcaption><\/figure>\n\n\n\n<p>En otro mensaje, la entidad afirm\u00f3: \u201cLa alegr\u00eda se multiplica, la familia Argentina te espera con ansias, Francisco\u201d.<\/p>\n\n\n\n<p>La Familia Grande Hogar de Cristo se define como \u201cuna federaci\u00f3n que agrupa a los centros barriales que tienen como finalidad dar respuesta integral a situaciones de vulnerabilidad social y\/o consumos problem\u00e1ticos\u201d.<\/p>\n\n\n\n<h2 class=\"wp-block-heading\">Cu\u00e1ndo vendr\u00e1 el papa Francisco a la Argentina<\/h2>\n\n\n\n<p>Despu\u00e9s de muchas postergaciones,\u00a0en el Vaticano preparan un viaje del papa a la Argentina para principios de 2024.<\/p>\n\n\n\n<p>En marzo de este a\u00f1o, en distintas entrevistas con medios nacionales por el d\u00e9cimo aniversario de su pontificado, Jorge Bergoglio expres\u00f3 su deseo de visitar el pa\u00eds. Sin embargo, la campa\u00f1a electoral en marcha con vistas al balotaje dej\u00f3 el viaje en un segundo plano.<\/p>\n\n\n\n<p>Incluso, en agosto, en una entrevista publicada en la revista espa\u00f1ola&nbsp;<em>Vida Nueva,<\/em>&nbsp;afirm\u00f3<em>:&nbsp;<\/em>\u201cPuedo confirmar que (la Argentina) est\u00e1 en programa. Veremos si se puede hacer, una vez que pase el a\u00f1o electoral. Terminadas las elecciones, se puede hacer\u201d, declar\u00f3 Bergoglio, sin dar fechas concretas.<\/p>\n\n\n\n<p>Las<strong>\u00a0duras cr\u00edticas -e incluso algunos insultos- de Javier Milei al Papa Francisco<\/strong>, algunos de unos a\u00f1os atr\u00e1s y otros recientes, pusieron en duda una visita en un eventual gobierno del candidato de la Libertad Avanza, en caso de ganar el balotaje del 19 de noviembre.<\/p>\n\n\n\n<figure class=\"wp-block-image\"><img decoding=\"async\" src=\"https:\/\/tn.com.ar\/resizer\/E25AwVMYVYbNkLi6WpAlPZDko8A=\/767x0\/smart\/filters:format(webp)\/cloudfront-us-east-1.images.arcpublishing.com\/artear\/XOIM2FFTSVDFBEQ2DQE4C5FENA.jpg\" alt=\"Jorge Bergoglio quiere venir a la Argentina (Foto: AFP)\"\/><figcaption>Jorge Bergoglio quiere venir a la Argentina (Foto: AFP)<\/figcaption><\/figure>\n\n\n\n<p>A principios de septiembre, los\u00a0<strong>curas villeros<\/strong>\u00a0de la Ciudad y del Gran Buenos Aires\u00a0organizaron una misa \u201cen desagravio\u201d\u00a0por los<strong>\u00a0ataques de Milei al papa Francisco<\/strong>\u00a0y lanzaron fuertes advertencias sobre el candidato presidencial de La Libertad Avanza.<\/p>\n\n\n\n<p>Milei aclar\u00f3 que sus cr\u00edticas a Francisco eran de varios a\u00f1os atr\u00e1s, pero enseguida<strong>&nbsp;lo acus\u00f3 de \u201ctener afinidad con dictaduras sangrientas\u201d<\/strong>. Paralelamente, su referente intelectual,&nbsp;<strong>Alberto Benegas Lynch<\/strong>, propuso&nbsp;<strong>\u201cromper relaciones con el Vaticano&nbsp;<\/strong>mientras tenga una cabeza totalitaria\u201d.<\/p>\n\n\n\n<p>Sin embargo, Milei dijo que, de llegar a la presidencial, recibir\u00eda a Bergoglio como un jefe de Estado.<\/p>\n\n\n\n<p><\/p>\n\n\n\n<p><em>Fuente: Todo Noticias.<\/em><\/p>\n","protected":false},"excerpt":{"rendered":"<p>La llevaron miembros de la Familia Grande Hogar de Cristo, que agrupa a numerosos centros barriales y es encabezada por el conocido sacerdote Jos\u00e9 Di Paola, el \u201cpadre Pepe\u201d. Una&hellip; <\/p>\n","protected":false},"author":6,"featured_media":100082,"comment_status":"closed","ping_status":"open","sticky":false,"template":"","format":"standard","meta":{"footnotes":""},"categories":[11],"tags":[],"class_list":["post-100075","post","type-post","status-publish","format-standard","has-post-thumbnail","hentry","category-internacionales"],"_links":{"self":[{"href":"https:\/\/corrientesdetarde.com\/index.php\/wp-json\/wp\/v2\/posts\/100075","targetHints":{"allow":["GET"]}}],"collection":[{"href":"https:\/\/corrientesdetarde.com\/index.php\/wp-json\/wp\/v2\/posts"}],"about":[{"href":"https:\/\/corrientesdetarde.com\/index.php\/wp-json\/wp\/v2\/types\/post"}],"author":[{"embeddable":true,"href":"https:\/\/corrientesdetarde.com\/index.php\/wp-json\/wp\/v2\/users\/6"}],"replies":[{"embeddable":true,"href":"https:\/\/corrientesdetarde.com\/index.php\/wp-json\/wp\/v2\/comments?post=100075"}],"version-history":[{"count":1,"href":"https:\/\/corrientesdetarde.com\/index.php\/wp-json\/wp\/v2\/posts\/100075\/revisions"}],"predecessor-version":[{"id":100083,"href":"https:\/\/corrientesdetarde.com\/index.php\/wp-json\/wp\/v2\/posts\/100075\/revisions\/100083"}],"wp:featuredmedia":[{"embeddable":true,"href":"https:\/\/corrientesdetarde.com\/index.php\/wp-json\/wp\/v2\/media\/100082"}],"wp:attachment":[{"href":"https:\/\/corrientesdetarde.com\/index.php\/wp-json\/wp\/v2\/media?parent=100075"}],"wp:term":[{"taxonomy":"category","embeddable":true,"href":"https:\/\/corrientesdetarde.com\/index.php\/wp-json\/wp\/v2\/categories?post=100075"},{"taxonomy":"post_tag","embeddable":true,"href":"https:\/\/corrientesdetarde.com\/index.php\/wp-json\/wp\/v2\/tags?post=100075"}],"curies":[{"name":"wp","href":"https:\/\/api.w.org\/{rel}","templated":true}]}}