{"id":100077,"date":"2023-11-05T18:41:53","date_gmt":"2023-11-05T21:41:53","guid":{"rendered":"https:\/\/corrientesdetarde.com\/?p=100077"},"modified":"2023-11-05T18:41:58","modified_gmt":"2023-11-05T21:41:58","slug":"cerraron-los-comicios-en-chaco","status":"publish","type":"post","link":"https:\/\/corrientesdetarde.com\/index.php\/politica\/cerraron-los-comicios-en-chaco\/","title":{"rendered":"Cerraron los comicios en Chaco."},"content":{"rendered":"\n<h2 class=\"wp-block-heading\">Casi 300 mil chaque\u00f1os estaban habilitados para votar este domingo. Con las definiciones de estas tres localidades, la provincia habr\u00e1 definido a todos sus nuevos intendentes.<\/h2>\n\n\n\n<p>Este domingo 5 de noviembre se realizaron los comicios municipales en las localidades de&nbsp;Resistencia, Quitilipi y Makall\u00e9. Casi&nbsp;300 mil electores&nbsp;estaban habilitados para votar. Hubo 874 mesas disponibles repartidas entre 98 establecimientos educativos y 3 mesas disponibles para los ciudadanos que se encontraban en el exterior.&nbsp;&nbsp;<\/p>\n\n\n\n<p>En la\u00a0capital chaque\u00f1a\u00a0se definir\u00e1 al sucesor de\u00a0Gustavo Mart\u00ednez. El l\u00edder de la Corriente de Expresi\u00f3n Renovada (CER) decidi\u00f3\u00a0no ir por la reelecci\u00f3n\u00a0y se postul\u00f3 como candidato a Gobernador por su espacio donde qued\u00f3 en la tercera posici\u00f3n por detr\u00e1s de\u00a0Leandro Zdero (Juntos por el Cambio) y Jorge Capitanich (Frente Chaque\u00f1o).<\/p>\n\n\n\n<p>Los principales candidatos en Resistencia son el exgobernador de Chaco,&nbsp;Roy Nikisch, que va como el candidato de&nbsp;Juntos por el Cambio&nbsp;mientras que la titular del cuerpo legislativo,&nbsp;Elida Cuesta, es la aspirante por la intendencia capitalina del&nbsp;CER.&nbsp;Diego Ar\u00e9valo, presidente del Instituto Provincial de Desarrollo Urbano y Vivienda, es el postulante del&nbsp;Frente Chaque\u00f1o&nbsp;y el titular de Fundaci\u00f3n Ciudad Limpia,&nbsp;Carlos Alabe, compite por&nbsp;La Libertad Avanza.&nbsp;<br>&nbsp;<\/p>\n\n\n\n<p>Seg\u00fan inform\u00f3 el&nbsp;Tribunal Electoral de la provincia&nbsp;del Chaco a&nbsp;Diario Chaco&nbsp;, &#8220;hasta el momento se registra un 60% de participaci\u00f3n ciudadana en el Municipio de Resistencia&#8221;.&nbsp; En tanto,&nbsp;Quitilipi&nbsp;registra una participaci\u00f3n del&nbsp;55%&nbsp;y&nbsp;Makall\u00e9&nbsp;del&nbsp;61%.&nbsp;<\/p>\n\n\n\n<p>En&nbsp;Quitilipi,&nbsp;Ariel Lovey&nbsp;va en busca de la reelecci\u00f3n y su principal competidor es&nbsp;Emiliano Arce&nbsp;del Frente Chaque\u00f1o. Mientras que en la localidad de&nbsp;Makall\u00e9&nbsp;se espera una elecci\u00f3n de tercios entre los candidatos de&nbsp;Juntos por el Cambio, el Frente Chaque\u00f1o y el NEPAR. Marcelo Angione (Juntos por el Cambio) tambi\u00e9n intentar\u00e1 la ratificaci\u00f3n a su puesto como jefe del Ejecutivo municipal.&nbsp;<\/p>\n\n\n\n<p><strong>EN RESISTENCIA ESTOS SON LOS CANDIDATOS QUE ASPIRAN A LA INTENDENCIA<\/strong><\/p>\n\n\n\n<p>-Juntos por el Cambio: Roy Nikisch<br>-Frente CER: Elida Cuesta<br>-Frente Chaque\u00f1o: Diego Ar\u00e9valo<br>-La Libertad Avanza: Carlos Alabe<br>-Frente FE: Eduardo Aguilar<br>-Partido Obrero: Oscar Humberto Deniz&nbsp;<br>-Libertarios en Acci\u00f3n: Gustavo Olivello<\/p>\n\n\n\n<p>En&nbsp;Resistencia&nbsp;estaban habilitados&nbsp;263.013&nbsp;electores,&nbsp;125.035&nbsp;hombres y&nbsp;137.698&nbsp;mujeres. Los resistencianos inscriptos en el padr\u00f3n que est\u00e1n fuera del pa\u00eds son 296.<\/p>\n\n\n\n<p><strong>ESTOS SON LOS CANDIDATOS A INTENDENTES EN QUITILIPI<\/strong><\/p>\n\n\n\n<p>-Juntos por el Cambio: Ariel Lovey<br>-Frente Chaque\u00f1o: Emiliano Arce<br>-Frente Integrador: Teresa Lilian Colla<br>-Renacer: H\u00e9ctor Luis Ledesma&nbsp;<br>-Libertarios en Acci\u00f3n: Silvana Garc\u00eda&nbsp;<\/p>\n\n\n\n<p>Quitilipi&nbsp;ten\u00eda&nbsp;29.982&nbsp;ciudadanos que pod\u00edan sufragar este domingo:&nbsp;15.159&nbsp;hombres y&nbsp;14.809&nbsp;mujeres. En el extranjero hay 14 quitilipenses que podr\u00e1n votar.<\/p>\n\n\n\n<p><strong>ESTOS SON LOS CANDIDATOS A INTENDENTES EN MAKALL\u00c9<\/strong><\/p>\n\n\n\n<p>-Juntos por el Cambio: Marcelo Cabrera<br>-Frente Chaque\u00f1o: Claudio Germ\u00e1n Svriz<br>-NEPAR: Marcelo \u00c1ngel Angione<br>-Frente Integrador: Am\u00e9rico Ren\u00e9 Romero<br>-La Libertad Avanza: Rolando Ariel Waneson<br>-Partido Obrero: Paola Vanesa G\u00f3mez<br>-Partido La Nueva Opci\u00f3n: Natalia Ver\u00f3nica Salina<\/p>\n\n\n\n<p>En&nbsp;Makall\u00e9&nbsp;fueron&nbsp;5.611&nbsp;personas que ten\u00edan la autorizaci\u00f3n para votar a sus pr\u00f3ximos representantes divididos en&nbsp;3.070&nbsp;hombres y&nbsp;2.539&nbsp;mujeres. Son 2 los ciudadanos de la localidad que est\u00e1n fuera del pa\u00eds y aparecen habilitados en el padr\u00f3n.<\/p>\n\n\n\n<p><em>Fuente: Diario Chaco.<\/em><\/p>\n","protected":false},"excerpt":{"rendered":"<p>Casi 300 mil chaque\u00f1os estaban habilitados para votar este domingo. Con las definiciones de estas tres localidades, la provincia habr\u00e1 definido a todos sus nuevos intendentes. Este domingo 5 de&hellip; <\/p>\n","protected":false},"author":6,"featured_media":100078,"comment_status":"closed","ping_status":"open","sticky":false,"template":"","format":"standard","meta":{"footnotes":""},"categories":[3],"tags":[],"class_list":["post-100077","post","type-post","status-publish","format-standard","has-post-thumbnail","hentry","category-politica"],"_links":{"self":[{"href":"https:\/\/corrientesdetarde.com\/index.php\/wp-json\/wp\/v2\/posts\/100077","targetHints":{"allow":["GET"]}}],"collection":[{"href":"https:\/\/corrientesdetarde.com\/index.php\/wp-json\/wp\/v2\/posts"}],"about":[{"href":"https:\/\/corrientesdetarde.com\/index.php\/wp-json\/wp\/v2\/types\/post"}],"author":[{"embeddable":true,"href":"https:\/\/corrientesdetarde.com\/index.php\/wp-json\/wp\/v2\/users\/6"}],"replies":[{"embeddable":true,"href":"https:\/\/corrientesdetarde.com\/index.php\/wp-json\/wp\/v2\/comments?post=100077"}],"version-history":[{"count":1,"href":"https:\/\/corrientesdetarde.com\/index.php\/wp-json\/wp\/v2\/posts\/100077\/revisions"}],"predecessor-version":[{"id":100079,"href":"https:\/\/corrientesdetarde.com\/index.php\/wp-json\/wp\/v2\/posts\/100077\/revisions\/100079"}],"wp:featuredmedia":[{"embeddable":true,"href":"https:\/\/corrientesdetarde.com\/index.php\/wp-json\/wp\/v2\/media\/100078"}],"wp:attachment":[{"href":"https:\/\/corrientesdetarde.com\/index.php\/wp-json\/wp\/v2\/media?parent=100077"}],"wp:term":[{"taxonomy":"category","embeddable":true,"href":"https:\/\/corrientesdetarde.com\/index.php\/wp-json\/wp\/v2\/categories?post=100077"},{"taxonomy":"post_tag","embeddable":true,"href":"https:\/\/corrientesdetarde.com\/index.php\/wp-json\/wp\/v2\/tags?post=100077"}],"curies":[{"name":"wp","href":"https:\/\/api.w.org\/{rel}","templated":true}]}}