{"id":100084,"date":"2023-11-05T19:07:18","date_gmt":"2023-11-05T22:07:18","guid":{"rendered":"https:\/\/corrientesdetarde.com\/?p=100084"},"modified":"2023-11-05T19:07:24","modified_gmt":"2023-11-05T22:07:24","slug":"la-inflacion-en-alimentos-se-acelero-a-34-en-el-inicio-de-noviembre","status":"publish","type":"post","link":"https:\/\/corrientesdetarde.com\/index.php\/economia\/la-inflacion-en-alimentos-se-acelero-a-34-en-el-inicio-de-noviembre\/","title":{"rendered":"La inflaci\u00f3n en alimentos se aceler\u00f3 a 3,4% en el inicio de noviembre."},"content":{"rendered":"\n<h2 class=\"wp-block-heading\">Los datos reflejaron un alza de 2,6 puntos porcentuales con respecto a los siete d\u00edas previos. De esta manera, acumula un alza de 8,1% promedio en las \u00faltimas cuatro semanas.<\/h2>\n\n\n\n<p>En el arranque de\u00a0<strong>noviembre<\/strong>, los\u00a0<strong>precios de los alimentos<\/strong>\u00a0se aceleraron. En la \u00faltima semana, subieron\u00a0<strong>3,4%<\/strong>, el segundo registro m\u00e1s alto desde la devaluaci\u00f3n de mediados de agosto. Estos datos reflejaron un alza de 2,6 puntos porcentuales con respecto a los siete d\u00edas previos. Con ese resultado, la\u00a0<strong>inflaci\u00f3n en alimentos<\/strong>\u00a0acumula un alza de\u00a0<strong>8,1%<\/strong>\u00a0promedio en las \u00faltimas cuatro semanas.<\/p>\n\n\n\n<p>Los datos se desprenden del relevamiento semanal de la consultora\u00a0<em>LCG<\/em>, que tambi\u00e9n indic\u00f3 que los precios de alimentos presentaron un incremento del\u00a0<strong>10%<\/strong>\u00a0de\u00a0<strong>punta a punta\u00a0<\/strong>en el mismo per\u00edodo.<\/p>\n\n\n\n<p>Seg\u00fan las estimaciones privadas, el IPC de octubre\u00a0no superar\u00e1 los dos d\u00edgitos\u00a0-a diferencia de agosto y septiembre-. Por su parte, la Secretar\u00eda de Pol\u00edtica Econ\u00f3mica difundi\u00f3 el\u00a0<strong>\u00edndice de inflaci\u00f3n semanal\u00a0<\/strong>registrada entre\u00a0<strong>el 23 y 29 de octubre\u00a0<\/strong>fue de<strong>\u00a02,2%<\/strong>.<\/p>\n\n\n\n<p>Para el Gobierno, la\u00a0<strong>evoluci\u00f3n de precios acumulada\u00a0<\/strong>se ubic\u00f3 en\u00a0<strong>9,3%<\/strong>\u00a0promedio en octubre.<\/p>\n\n\n\n<h2 class=\"wp-block-heading\">Cu\u00e1nto aumentaron los alimentos en el inicio de noviembre 2023<\/h2>\n\n\n\n<p>En la \u00faltima semana, los condimentos y productos alimenticiosfueron los productos que m\u00e1s aumentaron, con un alza de<strong>&nbsp;4,5%<\/strong>. El podio se complet\u00f3 con el&nbsp;<strong>aceite&nbsp;<\/strong>(4,4%) y los<strong>&nbsp;panificados&nbsp;<\/strong>(4,4%).<\/p>\n\n\n\n<p>Seg\u00fan la consultora&nbsp;<em>LCG<\/em>,<strong>&nbsp;cuatro&nbsp;<\/strong>de las 10 categor\u00edas analizadas se ubicaron&nbsp;<strong>por encima&nbsp;<\/strong>del promedio semanal, que fue del&nbsp;<strong>3,4%<\/strong>.<\/p>\n\n\n\n<figure class=\"wp-block-image\"><img decoding=\"async\" src=\"https:\/\/tn.com.ar\/resizer\/GNQKFu-0mkgvuhaQpCDzy5KDRzU=\/767x0\/smart\/filters:format(webp)\/cloudfront-us-east-1.images.arcpublishing.com\/artear\/G5MYN7YZ55DF5NE2MUKNVN57DE.PNG\" alt=\"En la \u00faltima semana, la inflaci\u00f3n de alimentos fue del 3,4%. (Foto: LCG)\"\/><figcaption>En la \u00faltima semana, la inflaci\u00f3n de alimentos fue del 3,4%. (Foto: LCG)<\/figcaption><\/figure>\n\n\n\n<h2 class=\"wp-block-heading\">Cu\u00e1nto aumentaron los alimentos en el \u00faltimo mes<\/h2>\n\n\n\n<p>En las<strong>&nbsp;\u00faltimas cuatro semanas<\/strong>, de acuerdo con el relevamiento, los alimentos presentaron un&nbsp;<strong>incremento promedio de 8,1%<\/strong>. En tanto, los productos de la canasta subieron&nbsp;<strong>10%<\/strong>&nbsp;medido de punta a punta en el mismo per\u00edodo.<\/p>\n\n\n\n<p>A lo largo de las \u00faltimas cuatro semanas,<strong>\u00a0cinco\u00a0<\/strong>de las\u00a0<strong>10 categor\u00edas<\/strong>\u00a0relevadas mostraron<strong>\u00a0subas superiores<\/strong>\u00a0al promedio que fue del 8,1% y las dem\u00e1s se ubicaron por encima del\u00a0<strong>4,2%.<\/strong>\u00a0Por otro lado, el aumento de la\u00a0<strong>carne\u00a0<\/strong>explic\u00f3 el\u00a0<strong>28% de la\u00a0inflaci\u00f3n\u00a0mensual<\/strong>.<\/p>\n\n\n\n<figure class=\"wp-block-image\"><img decoding=\"async\" src=\"https:\/\/tn.com.ar\/resizer\/zmi6tufIoeLG_5esVrEQuLtqqG8=\/767x0\/smart\/filters:format(webp)\/cloudfront-us-east-1.images.arcpublishing.com\/artear\/LL62CEC5QBFKXCOEPXCH5KUNQ4.jpg\" alt=\"En las \u00faltimas cuatro semanas, los alimentos presentaron un incremento promedio de 8,1%. (Foto: Camila Godoy\/T\u00e9lam).\"\/><figcaption>En las \u00faltimas cuatro semanas, los alimentos presentaron un incremento promedio de 8,1%. (Foto: Camila Godoy\/T\u00e9lam).<\/figcaption><\/figure>\n\n\n\n<p>Seg\u00fan&nbsp;<em>LCG<\/em>, las variaciones mensuales de precios fueron las siguientes:<\/p>\n\n\n\n<ul class=\"wp-block-list\"><li><strong>Comidas listas para llevar<\/strong>:<strong>&nbsp;14,6%<\/strong>;<\/li><li><strong>Frutas<\/strong>:&nbsp;<strong>14,5%<\/strong>;<\/li><li><strong>Az\u00facar<\/strong>:<strong>&nbsp;10,5%<\/strong>;<\/li><li><strong>Aceites: 10,4%<\/strong>;<\/li><li><strong>Pan, cereales y pastas<\/strong>:<strong>&nbsp;8,4%<\/strong>;<\/li><li>Carnes: 7,3%;<\/li><li>L\u00e1cteos y huevos: 7,2%;<\/li><li>Condimentos y otros productos alimenticios: 6,9%;<\/li><li>Verduras: 6,1%;<\/li><li>Bebidas e infusiones: 4,2%;<\/li><\/ul>\n\n\n\n<h2 class=\"wp-block-heading\">Cu\u00e1ndo se conoce el dato del INDEC de inflaci\u00f3n de octubre<\/h2>\n\n\n\n<p>El&nbsp;<strong>INDEC<\/strong>&nbsp;publicar\u00e1 el \u00edndice de precios al consumidor de octubre el lunes&nbsp;<strong>13 de noviembre<\/strong>, en la semana previa al balotaje. Seg\u00fan las consultoras privadas, el dato de inflaci\u00f3n del d\u00e9cimo mes del a\u00f1o estar\u00e1 entre el&nbsp;<strong>9 y 9,5%.<\/strong><\/p>\n\n\n\n<p>Seg\u00fan las proyecciones del Ministerio de Econom\u00eda, la aceleraci\u00f3n de precios fue del\u00a0<strong>9,3%<\/strong>\u00a0en octubre.<\/p>\n\n\n\n<p><\/p>\n\n\n\n<p><em>Fuente: Todo Noticias.<\/em><\/p>\n","protected":false},"excerpt":{"rendered":"<p>Los datos reflejaron un alza de 2,6 puntos porcentuales con respecto a los siete d\u00edas previos. De esta manera, acumula un alza de 8,1% promedio en las \u00faltimas cuatro semanas.&hellip; <\/p>\n","protected":false},"author":6,"featured_media":100085,"comment_status":"closed","ping_status":"open","sticky":false,"template":"","format":"standard","meta":{"footnotes":""},"categories":[20],"tags":[],"class_list":["post-100084","post","type-post","status-publish","format-standard","has-post-thumbnail","hentry","category-economia"],"_links":{"self":[{"href":"https:\/\/corrientesdetarde.com\/index.php\/wp-json\/wp\/v2\/posts\/100084","targetHints":{"allow":["GET"]}}],"collection":[{"href":"https:\/\/corrientesdetarde.com\/index.php\/wp-json\/wp\/v2\/posts"}],"about":[{"href":"https:\/\/corrientesdetarde.com\/index.php\/wp-json\/wp\/v2\/types\/post"}],"author":[{"embeddable":true,"href":"https:\/\/corrientesdetarde.com\/index.php\/wp-json\/wp\/v2\/users\/6"}],"replies":[{"embeddable":true,"href":"https:\/\/corrientesdetarde.com\/index.php\/wp-json\/wp\/v2\/comments?post=100084"}],"version-history":[{"count":1,"href":"https:\/\/corrientesdetarde.com\/index.php\/wp-json\/wp\/v2\/posts\/100084\/revisions"}],"predecessor-version":[{"id":100086,"href":"https:\/\/corrientesdetarde.com\/index.php\/wp-json\/wp\/v2\/posts\/100084\/revisions\/100086"}],"wp:featuredmedia":[{"embeddable":true,"href":"https:\/\/corrientesdetarde.com\/index.php\/wp-json\/wp\/v2\/media\/100085"}],"wp:attachment":[{"href":"https:\/\/corrientesdetarde.com\/index.php\/wp-json\/wp\/v2\/media?parent=100084"}],"wp:term":[{"taxonomy":"category","embeddable":true,"href":"https:\/\/corrientesdetarde.com\/index.php\/wp-json\/wp\/v2\/categories?post=100084"},{"taxonomy":"post_tag","embeddable":true,"href":"https:\/\/corrientesdetarde.com\/index.php\/wp-json\/wp\/v2\/tags?post=100084"}],"curies":[{"name":"wp","href":"https:\/\/api.w.org\/{rel}","templated":true}]}}