{"id":100091,"date":"2023-11-05T19:13:43","date_gmt":"2023-11-05T22:13:43","guid":{"rendered":"https:\/\/corrientesdetarde.com\/?p=100091"},"modified":"2023-11-05T19:13:55","modified_gmt":"2023-11-05T22:13:55","slug":"una-casa-fue-allanada-por-el-robo-a-un-vivero","status":"publish","type":"post","link":"https:\/\/corrientesdetarde.com\/index.php\/policiales\/una-casa-fue-allanada-por-el-robo-a-un-vivero\/","title":{"rendered":"Una casa fue allanada por el robo a un vivero."},"content":{"rendered":"\n<h2 class=\"wp-block-heading\">Efectivos de la Comisar\u00eda Sexta ingresaron al domicilio este s\u00e1bado por la ma\u00f1ana y decomisaron varios objetos que hab\u00edan sido denunciados como robados semanas atr\u00e1s.<\/h2>\n\n\n\n<p>Polic\u00edas de Corrientes realizaron trabajos de allanamiento en un domicilio en el Barrio Loma Linda como parte de un trabajo de investigaci\u00f3n del robo a un vivero ubicado sobre Ruta Provincial N\u00ba 43 &#8211; Km 7,2 a la altura de la localidad de Santa Ana.<\/p>\n\n\n\n<p>Efectivos de la Comisar\u00eda Sexta ingresaron al hogar este s\u00e1bado por la ma\u00f1ana y decomisaron varios objetos que hab\u00edan sido denunciados como robados semanas atr\u00e1s.<\/p>\n\n\n\n<p>A trav\u00e9s de su Unidad Investigativa, se procedi\u00f3 al secuestro preventivo de los siguientes elementos:&nbsp;<\/p>\n\n\n\n<ul class=\"wp-block-list\"><li>Un motor de motocicleta de 110Cc., con pedido de secuestro por robo<\/li><li>Un grupo electr\u00f3geno&nbsp;<\/li><li>Una maquina de soldar&nbsp;<\/li><li>Una m\u00e1quina sierra sensitiva, marca Bosh&nbsp;<\/li><li>Una m\u00e1quina sierra sensitiva, marca Skil&nbsp;<\/li><li>Una amoladora grande carcasa anaranjada&nbsp;<\/li><li>Una hidrolavadora, tres pistolas de hidrolavadora&nbsp;<\/li><li>Un cortacandado de tama\u00f1o grande<\/li><\/ul>\n\n\n\n<p>Todos estos elementos fueron puestos a disposici\u00f3n de la unidad fiscal de investigaciones.<\/p>\n\n\n\n<figure class=\"wp-block-image\"><a href=\"https:\/\/www.radiosudamericana.com\/notix\/multimedia\/imagenes\/fotos\/2023-11-05\/810704.jpg\"><img decoding=\"async\" src=\"https:\/\/www.radiosudamericana.com\/notix\/multimedia\/imagenes\/fotos\/2023-11-05\/810704.jpg_nota.jpg\" alt=\"\"\/><\/a><\/figure>\n\n\n\n<figure class=\"wp-block-image\"><a href=\"https:\/\/www.radiosudamericana.com\/notix\/multimedia\/imagenes\/fotos\/2023-11-05\/787530.jpg\"><img decoding=\"async\" src=\"https:\/\/www.radiosudamericana.com\/notix\/multimedia\/imagenes\/fotos\/2023-11-05\/787530.jpg_nota.jpg\" alt=\"\"\/><\/a><\/figure>\n","protected":false},"excerpt":{"rendered":"<p>Efectivos de la Comisar\u00eda Sexta ingresaron al domicilio este s\u00e1bado por la ma\u00f1ana y decomisaron varios objetos que hab\u00edan sido denunciados como robados semanas atr\u00e1s. Polic\u00edas de Corrientes realizaron trabajos&hellip; <\/p>\n","protected":false},"author":6,"featured_media":100092,"comment_status":"closed","ping_status":"open","sticky":false,"template":"","format":"standard","meta":{"footnotes":""},"categories":[33],"tags":[],"class_list":["post-100091","post","type-post","status-publish","format-standard","has-post-thumbnail","hentry","category-policiales"],"_links":{"self":[{"href":"https:\/\/corrientesdetarde.com\/index.php\/wp-json\/wp\/v2\/posts\/100091","targetHints":{"allow":["GET"]}}],"collection":[{"href":"https:\/\/corrientesdetarde.com\/index.php\/wp-json\/wp\/v2\/posts"}],"about":[{"href":"https:\/\/corrientesdetarde.com\/index.php\/wp-json\/wp\/v2\/types\/post"}],"author":[{"embeddable":true,"href":"https:\/\/corrientesdetarde.com\/index.php\/wp-json\/wp\/v2\/users\/6"}],"replies":[{"embeddable":true,"href":"https:\/\/corrientesdetarde.com\/index.php\/wp-json\/wp\/v2\/comments?post=100091"}],"version-history":[{"count":1,"href":"https:\/\/corrientesdetarde.com\/index.php\/wp-json\/wp\/v2\/posts\/100091\/revisions"}],"predecessor-version":[{"id":100093,"href":"https:\/\/corrientesdetarde.com\/index.php\/wp-json\/wp\/v2\/posts\/100091\/revisions\/100093"}],"wp:featuredmedia":[{"embeddable":true,"href":"https:\/\/corrientesdetarde.com\/index.php\/wp-json\/wp\/v2\/media\/100092"}],"wp:attachment":[{"href":"https:\/\/corrientesdetarde.com\/index.php\/wp-json\/wp\/v2\/media?parent=100091"}],"wp:term":[{"taxonomy":"category","embeddable":true,"href":"https:\/\/corrientesdetarde.com\/index.php\/wp-json\/wp\/v2\/categories?post=100091"},{"taxonomy":"post_tag","embeddable":true,"href":"https:\/\/corrientesdetarde.com\/index.php\/wp-json\/wp\/v2\/tags?post=100091"}],"curies":[{"name":"wp","href":"https:\/\/api.w.org\/{rel}","templated":true}]}}