{"id":100197,"date":"2023-11-06T09:55:34","date_gmt":"2023-11-06T12:55:34","guid":{"rendered":"https:\/\/corrientesdetarde.com\/?p=100197"},"modified":"2023-11-06T09:55:45","modified_gmt":"2023-11-06T12:55:45","slug":"emanuel-aguilar-subio-al-podio-en-el-superbike-de-brasil","status":"publish","type":"post","link":"https:\/\/corrientesdetarde.com\/index.php\/deportes\/emanuel-aguilar-subio-al-podio-en-el-superbike-de-brasil\/","title":{"rendered":"Emanuel Aguilar subi\u00f3 al podio en el Superbike de Brasil"},"content":{"rendered":"\n<p>El joven motociclista correntino Emanuel Aguilar volvi\u00f3 a competir este fin de semana en el Superbike Brasil, el campeonato de motociclismo de velocidad del vecino pa\u00eds. En la competencia que se desarroll\u00f3 en el Aut\u00f3dromo Internacional de Cascavel, finaliz\u00f3 en la cuarta posici\u00f3n del Superbike Pro y que le permiti\u00f3 subirse al podio.<\/p>\n\n\n\n<p>\u201cEs una de las categor\u00eda m\u00e1s fuerte de Latinoamerica ya que el campeonato cuenta con varios equipos oficiales de las marcas Honda, BMW y Kawasaki\u201d le coment\u00f3 a El Litoral desde Brasil el motociclista. \u201cEl nivel de los pilotos es muy alto\u201d agreg\u00f3 Aguilar.<\/p>\n\n\n\n<p>El correntino es la segunda vez que compite en el certamen del vecino pa\u00eds y representa a W2V Motosport.<\/p>\n\n\n\n<p>El l\u00edder de la competencia, Maxi Gerardo, logr\u00f3 su segunda victoria de la temporada, en la novena etapa del Superbike Brasil. Con el resultado, el piloto del BMW Motorrad Superbike Brasil Racing Team queda aislado en la cima de las posiciones, quedando muy cerca del t\u00edtulo, que se decidir\u00e1 en la \u00faltima etapa de 2023, en Interlagos.&nbsp;<\/p>\n\n\n\n<p>En segundo lugar se ubic\u00f3 el joven piloto de Honda, Gui Brito, que el s\u00e1bado consigui\u00f3 la Super Pole y que ahora tambi\u00e9n es segundo en la competici\u00f3n, superando a Ramiro Gandola.<\/p>\n\n\n\n<p>\u201cLo dimos todo, de principio a fin. Puesto 4 en una pista r\u00e1pida donde nuestra moto sufre un poco mas las diferencias de la preparaci\u00f3n. Muy contento con los registros y ritmo que tuvimos en las 19 vueltas de carrera\u201d escribi\u00f3 el correntino en una historia de su cuenta de Instagram (www.instagram.com\/emaguilaracing19).<\/p>\n\n\n\n<p>Para Aguilar, competir en el vecino pa\u00eds, representa un nuevo reto dentro de su carrera deportiva. Actualmente, forma parte del Superbike Argentino donde viene de lograr el segundo puesto en San Jorge (Santa Fe), y durante el presente a\u00f1o tambi\u00e9n particip\u00f3 de unas carreras en los Estados Unidos.<\/p>\n\n\n\n<p>\u201cNosotros tenemos nuestra moto preparada para el Superbike argentino. Y en la SBK de Brasil, la preparaci\u00f3n es libre\u201d le coment\u00f3 a este medio el piloto correntino, quien compite al mando de \u201cLa Correntina\u201d (Kawasaki ZX10R 2022).<\/p>\n\n\n\n<p>\u201cTenemos un margen muy grande para seguir mejorando en cuanto al reglamento brasilero, a\u00fan as\u00ed nuestra moto es muy competitiva\u201d asegur\u00f3 el joven motociclista correntino.<\/p>\n\n\n\n<p>En el \u00e1mbito nacional se debe recordar que el Superbike Argentino atraviesa una profunda crisis durante este 2023 y es por ello Camod decidi\u00f3 suspender el campeonato que estaba en curso.<\/p>\n\n\n\n<p>Luego de correr la primera fecha en Concordia y la segunda en San Nicol\u00e1s, la visita a San Jorge estuvo signada por la protesta que realizaron la gran mayor\u00eda de los pilotos, quienes estaban en disconformidad con el desarrollo del certamen.<\/p>\n","protected":false},"excerpt":{"rendered":"<p>El joven motociclista correntino Emanuel Aguilar volvi\u00f3 a competir este fin de semana en el Superbike Brasil, el campeonato de motociclismo de velocidad del vecino pa\u00eds. En la competencia que&hellip; <\/p>\n","protected":false},"author":1,"featured_media":100200,"comment_status":"closed","ping_status":"open","sticky":false,"template":"","format":"standard","meta":{"footnotes":""},"categories":[4],"tags":[],"class_list":["post-100197","post","type-post","status-publish","format-standard","has-post-thumbnail","hentry","category-deportes"],"_links":{"self":[{"href":"https:\/\/corrientesdetarde.com\/index.php\/wp-json\/wp\/v2\/posts\/100197","targetHints":{"allow":["GET"]}}],"collection":[{"href":"https:\/\/corrientesdetarde.com\/index.php\/wp-json\/wp\/v2\/posts"}],"about":[{"href":"https:\/\/corrientesdetarde.com\/index.php\/wp-json\/wp\/v2\/types\/post"}],"author":[{"embeddable":true,"href":"https:\/\/corrientesdetarde.com\/index.php\/wp-json\/wp\/v2\/users\/1"}],"replies":[{"embeddable":true,"href":"https:\/\/corrientesdetarde.com\/index.php\/wp-json\/wp\/v2\/comments?post=100197"}],"version-history":[{"count":1,"href":"https:\/\/corrientesdetarde.com\/index.php\/wp-json\/wp\/v2\/posts\/100197\/revisions"}],"predecessor-version":[{"id":100201,"href":"https:\/\/corrientesdetarde.com\/index.php\/wp-json\/wp\/v2\/posts\/100197\/revisions\/100201"}],"wp:featuredmedia":[{"embeddable":true,"href":"https:\/\/corrientesdetarde.com\/index.php\/wp-json\/wp\/v2\/media\/100200"}],"wp:attachment":[{"href":"https:\/\/corrientesdetarde.com\/index.php\/wp-json\/wp\/v2\/media?parent=100197"}],"wp:term":[{"taxonomy":"category","embeddable":true,"href":"https:\/\/corrientesdetarde.com\/index.php\/wp-json\/wp\/v2\/categories?post=100197"},{"taxonomy":"post_tag","embeddable":true,"href":"https:\/\/corrientesdetarde.com\/index.php\/wp-json\/wp\/v2\/tags?post=100197"}],"curies":[{"name":"wp","href":"https:\/\/api.w.org\/{rel}","templated":true}]}}