{"id":100202,"date":"2023-11-06T12:15:20","date_gmt":"2023-11-06T15:15:20","guid":{"rendered":"https:\/\/corrientesdetarde.com\/?p=100202"},"modified":"2023-11-06T12:15:32","modified_gmt":"2023-11-06T15:15:32","slug":"clase-abierta-de-chamame-sobre-el-baile-como-una-practica-social","status":"publish","type":"post","link":"https:\/\/corrientesdetarde.com\/index.php\/cultura\/clase-abierta-de-chamame-sobre-el-baile-como-una-practica-social\/","title":{"rendered":"<strong>Clase abierta de chamam\u00e9 sobre&nbsp;<\/strong><strong>el baile como una pr\u00e1ctica social<\/strong>"},"content":{"rendered":"\n<p>El Instituto de Cultura de Corrientes invita a la Clase Abierta de Chamam\u00e9 que se realizar\u00e1 este martes 7 de noviembre, a las 19,30, en el patio del organismo (San Juan 546), en el marco de la C\u00e1tedra Libre de Chamam\u00e9. En esta oportunidad se abordar\u00e1 el tema: \u201cBaile como una pr\u00e1ctica social\u201d, a cargo de la bailarina y core\u00f3grafa Gabriela \u00c1valos. Una actividad que ser\u00e1 de acceso libre y gratuito.<\/p>\n\n\n\n<p>La C\u00e1tedra Libre del Chamam\u00e9 dependiente de la Universidad Nacional del Nordeste (UNNE) es un espacio acad\u00e9mico abierto a toda la comunidad que permite la formaci\u00f3n, intercambio, orientaci\u00f3n y difusi\u00f3n de conocimientos. Las clases tienen lugar cada jueves, de 20 a 22, en el Centro Cultural Universitario junto a los profesores Esperanza C\u00e1ceres y V\u00edctor Pi\u00f1eiro, coordinados por Paulo Ferreyra.<\/p>\n\n\n\n<p>Con la intenci\u00f3n de fortalecer el conocimiento acad\u00e9mico, la C\u00e1tedra Libre realizar\u00e1 clases abiertas para todo p\u00fablico en el patio del Instituto de Cultura de de Corrientes, durante octubre y noviembre. La \u00faltima fecha ser\u00e1 el martes 14 de noviembre.<\/p>\n\n\n\n<p>Este martes 7 la clase estar\u00e1 coordinada por Gabriela Avalos, bailarina, core\u00f3grafa, directora esc\u00e9nica, artista investigadora, gestora cultural y productora de danza independiente.<\/p>\n\n\n\n<p>Gabriela es una artista en artes esc\u00e9nicas nacida en la ciudad de Resistencia (Chaco), con m\u00e1s de 30 a\u00f1os de experiencia en el \u00e1mbito de la creaci\u00f3n esc\u00e9nica y de la investigaci\u00f3n para la danza. Su perfil art\u00edstico tiene la particularidad de estar basado en b\u00fasquedas experimentales, en nuevas narrativas desde lo corporal, en la investigaci\u00f3n para la escena como parte fundamental del proceso creativo.<\/p>\n\n\n\n<p>Ha trabajado en la realizaci\u00f3n, producci\u00f3n y direcci\u00f3n art\u00edstica de puestas multidisciplinares, guiones en dramaturgia de danza y actividades perform\u00e1ticas, desde la resignificaci\u00f3n del pensamiento latinoamericano en las artes del movimiento.<\/p>\n\n\n\n<figure class=\"wp-block-image size-full\"><img loading=\"lazy\" decoding=\"async\" width=\"833\" height=\"827\" src=\"https:\/\/corrientesdetarde.com\/wp-content\/uploads\/2023\/11\/image-80.png\" alt=\"\" class=\"wp-image-100215\" srcset=\"https:\/\/corrientesdetarde.com\/wp-content\/uploads\/2023\/11\/image-80.png 833w, https:\/\/corrientesdetarde.com\/wp-content\/uploads\/2023\/11\/image-80-300x298.png 300w, https:\/\/corrientesdetarde.com\/wp-content\/uploads\/2023\/11\/image-80-150x150.png 150w, https:\/\/corrientesdetarde.com\/wp-content\/uploads\/2023\/11\/image-80-768x762.png 768w\" sizes=\"auto, (max-width: 833px) 100vw, 833px\" \/><\/figure>\n","protected":false},"excerpt":{"rendered":"<p>El Instituto de Cultura de Corrientes invita a la Clase Abierta de Chamam\u00e9 que se realizar\u00e1 este martes 7 de noviembre, a las 19,30, en el patio del organismo (San&hellip; <\/p>\n","protected":false},"author":1,"featured_media":100216,"comment_status":"closed","ping_status":"open","sticky":false,"template":"","format":"standard","meta":{"footnotes":""},"categories":[15],"tags":[],"class_list":["post-100202","post","type-post","status-publish","format-standard","has-post-thumbnail","hentry","category-cultura"],"_links":{"self":[{"href":"https:\/\/corrientesdetarde.com\/index.php\/wp-json\/wp\/v2\/posts\/100202","targetHints":{"allow":["GET"]}}],"collection":[{"href":"https:\/\/corrientesdetarde.com\/index.php\/wp-json\/wp\/v2\/posts"}],"about":[{"href":"https:\/\/corrientesdetarde.com\/index.php\/wp-json\/wp\/v2\/types\/post"}],"author":[{"embeddable":true,"href":"https:\/\/corrientesdetarde.com\/index.php\/wp-json\/wp\/v2\/users\/1"}],"replies":[{"embeddable":true,"href":"https:\/\/corrientesdetarde.com\/index.php\/wp-json\/wp\/v2\/comments?post=100202"}],"version-history":[{"count":1,"href":"https:\/\/corrientesdetarde.com\/index.php\/wp-json\/wp\/v2\/posts\/100202\/revisions"}],"predecessor-version":[{"id":100217,"href":"https:\/\/corrientesdetarde.com\/index.php\/wp-json\/wp\/v2\/posts\/100202\/revisions\/100217"}],"wp:featuredmedia":[{"embeddable":true,"href":"https:\/\/corrientesdetarde.com\/index.php\/wp-json\/wp\/v2\/media\/100216"}],"wp:attachment":[{"href":"https:\/\/corrientesdetarde.com\/index.php\/wp-json\/wp\/v2\/media?parent=100202"}],"wp:term":[{"taxonomy":"category","embeddable":true,"href":"https:\/\/corrientesdetarde.com\/index.php\/wp-json\/wp\/v2\/categories?post=100202"},{"taxonomy":"post_tag","embeddable":true,"href":"https:\/\/corrientesdetarde.com\/index.php\/wp-json\/wp\/v2\/tags?post=100202"}],"curies":[{"name":"wp","href":"https:\/\/api.w.org\/{rel}","templated":true}]}}