{"id":100204,"date":"2023-11-06T10:14:58","date_gmt":"2023-11-06T13:14:58","guid":{"rendered":"https:\/\/corrientesdetarde.com\/?p=100204"},"modified":"2023-11-06T10:15:01","modified_gmt":"2023-11-06T13:15:01","slug":"alberto-fernandez-prorrogo-las-sesiones-en-el-congreso","status":"publish","type":"post","link":"https:\/\/corrientesdetarde.com\/index.php\/informacion-general\/alberto-fernandez-prorrogo-las-sesiones-en-el-congreso\/","title":{"rendered":"Alberto Fern\u00e1ndez prorrog\u00f3 las sesiones en el Congreso"},"content":{"rendered":"\n<p>La edici\u00f3n del Bolet\u00edn Oficial de este lunes 6 de noviembre trae un decreto del presidente Alberto Fern\u00e1ndez en el que fija que las sesiones en el parlamento pueden llegar hasta el 9 de diciembre.<\/p>\n\n\n\n<p>La agenda pol\u00edtica de los pr\u00f3ximo d\u00edas en la Argentina tiene el debate entre los candidatos a presidente Javier Milei y Sergio Massa, el pr\u00f3ximo domingo. Mientras que el 19 de noviembre los argentinos ir\u00e1n a las urnas para elegir al sucesor de Alberto Fern\u00e1ndez.&nbsp;<\/p>\n\n\n\n<p>El decreto fija que se podr\u00e1 sesionar en ambas C\u00e1maras con temario hasta un d\u00eda antes de la asunci\u00f3n del pr\u00f3ximo presidente de la Argentina.&nbsp;<\/p>\n\n\n\n<p>Decreto 583\/2023<br>DCTO-2023-583-APN-PTE &#8211; Prorr\u00f3ganse las Sesiones Ordinarias.<br>Ciudad de Buenos Aires, 05\/11\/2023<\/p>\n\n\n\n<p>En uso de las facultades conferidas por los art\u00edculos 63 y 99 inciso 9 de la Constituci\u00f3n Nacional.<\/p>\n\n\n\n<p><strong>EL PRESIDENTE DE LA NACI\u00d3N ARGENTINA<\/strong><\/p>\n\n\n\n<p>DECRETA:<\/p>\n\n\n\n<p>ART\u00cdCULO 1\u00b0.- Prorr\u00f3ganse las Sesiones Ordinarias del HONORABLE CONGRESO DE LA NACI\u00d3N hasta el 9 de diciembre de 2023.<\/p>\n\n\n\n<p>ART\u00cdCULO 2\u00b0.- Comun\u00edquese, publ\u00edquese, dese a la Direcci\u00f3n Nacional del Registro Oficial y arch\u00edvese.<\/p>\n\n\n\n<p>FERN\u00c1NDEZ &#8211; Agust\u00edn Oscar Rossi<\/p>\n","protected":false},"excerpt":{"rendered":"<p>La edici\u00f3n del Bolet\u00edn Oficial de este lunes 6 de noviembre trae un decreto del presidente Alberto Fern\u00e1ndez en el que fija que las sesiones en el parlamento pueden llegar&hellip; <\/p>\n","protected":false},"author":1,"featured_media":100205,"comment_status":"closed","ping_status":"open","sticky":false,"template":"","format":"standard","meta":{"footnotes":""},"categories":[1],"tags":[],"class_list":["post-100204","post","type-post","status-publish","format-standard","has-post-thumbnail","hentry","category-informacion-general"],"_links":{"self":[{"href":"https:\/\/corrientesdetarde.com\/index.php\/wp-json\/wp\/v2\/posts\/100204","targetHints":{"allow":["GET"]}}],"collection":[{"href":"https:\/\/corrientesdetarde.com\/index.php\/wp-json\/wp\/v2\/posts"}],"about":[{"href":"https:\/\/corrientesdetarde.com\/index.php\/wp-json\/wp\/v2\/types\/post"}],"author":[{"embeddable":true,"href":"https:\/\/corrientesdetarde.com\/index.php\/wp-json\/wp\/v2\/users\/1"}],"replies":[{"embeddable":true,"href":"https:\/\/corrientesdetarde.com\/index.php\/wp-json\/wp\/v2\/comments?post=100204"}],"version-history":[{"count":1,"href":"https:\/\/corrientesdetarde.com\/index.php\/wp-json\/wp\/v2\/posts\/100204\/revisions"}],"predecessor-version":[{"id":100206,"href":"https:\/\/corrientesdetarde.com\/index.php\/wp-json\/wp\/v2\/posts\/100204\/revisions\/100206"}],"wp:featuredmedia":[{"embeddable":true,"href":"https:\/\/corrientesdetarde.com\/index.php\/wp-json\/wp\/v2\/media\/100205"}],"wp:attachment":[{"href":"https:\/\/corrientesdetarde.com\/index.php\/wp-json\/wp\/v2\/media?parent=100204"}],"wp:term":[{"taxonomy":"category","embeddable":true,"href":"https:\/\/corrientesdetarde.com\/index.php\/wp-json\/wp\/v2\/categories?post=100204"},{"taxonomy":"post_tag","embeddable":true,"href":"https:\/\/corrientesdetarde.com\/index.php\/wp-json\/wp\/v2\/tags?post=100204"}],"curies":[{"name":"wp","href":"https:\/\/api.w.org\/{rel}","templated":true}]}}