{"id":100219,"date":"2023-11-06T12:17:58","date_gmt":"2023-11-06T15:17:58","guid":{"rendered":"https:\/\/corrientesdetarde.com\/?p=100219"},"modified":"2023-11-06T12:18:09","modified_gmt":"2023-11-06T15:18:09","slug":"goya-se-vistio-de-tradicion-chamame-y-sabores-con-paye-en-la-3ra-edicion-del-festival-del-asado-criollo","status":"publish","type":"post","link":"https:\/\/corrientesdetarde.com\/index.php\/eventos\/goya-se-vistio-de-tradicion-chamame-y-sabores-con-paye-en-la-3ra-edicion-del-festival-del-asado-criollo\/","title":{"rendered":"Goya se visti\u00f3 de tradici\u00f3n, chamam\u00e9 y sabores con pay\u00e9, en la 3ra. edici\u00f3n del Festival del Asado Criollo"},"content":{"rendered":"\n<p>Culmin\u00f3 con gran \u00e9xito este evento gastron\u00f3mico que se llev\u00f3 a cabo este pasado fin de semana en la segunda ciudad de Corrientes en su emblem\u00e1tico predio Costa Surub\u00ed. Su organizador Gustavo Montepeloso junto a sus colaboradores se mostraron contentos de ver a tanta gente participar de diferentes barrios de la ciudad de Goya y en representaci\u00f3n de otros municipios como Corrientes Capital y Saladas. Al mismo tiempo agradecieron el aporte y acompa\u00f1amiento del municipio y del Gobierno de la Provincia a trav\u00e9s del Ministerio de Turismo.<\/p>\n\n\n\n<p>Asimismo, Montepeloso se\u00f1al\u00f3 que \u201cel festival sali\u00f3 como lo hab\u00edamos esperado; se logr\u00f3 mantener el cupo de 33 participantes y la calidad de asadores super\u00f3 nuestras expectativas\u201d.<\/p>\n\n\n\n<p>\u201cFueron dos noches de m\u00fasica de primer nivel ya que tuvimos la actuaci\u00f3n del Grupo Irundy; la gauchita cumbiera; Os demonios; El ballet y las orquestas municipales, entre otros\u201d agreg\u00f3 el organizador.<\/p>\n\n\n\n<p><strong>Representantes de Corrientes Capital lograron el primer puesto<\/strong><\/p>\n\n\n\n<p>Luego de una evaluaci\u00f3n del jurado en el predio Costa Surub\u00ed se decidi\u00f3 que el 1\u00b0 lugar sea para Fundaci\u00f3n Escuela Animar en representaci\u00f3n de Corrientes Capital, 2\u00b0 Barrio Prefectura grupo de 4 mujeres, 3 \u00b0 B\u00b0 Santa Clara, ambos de la ciudad de Goya.<\/p>\n\n\n\n<p>Por su parte, Anal\u00eda Catuognio, &nbsp;en representaci\u00f3n de Corrientes capital junto a su marido, fueron los ganadores del 1er puesto y conjuntamente con los representantes del 2\u00b0 y 3\u00b0 puesto coincidieron y dieron a conocer que para ellos el objetivo de formar parte en este festival es que todos conozcan las hermosas tradiciones y la gastronom\u00eda t\u00edpica que ofrece Corrientes.<\/p>\n\n\n\n<div class=\"wp-block-group is-nowrap is-layout-flex wp-container-core-group-is-layout-ad2f72ca wp-block-group-is-layout-flex\">\n<figure class=\"wp-block-image size-full\"><img loading=\"lazy\" decoding=\"async\" width=\"609\" height=\"824\" src=\"https:\/\/corrientesdetarde.com\/wp-content\/uploads\/2023\/11\/image-81.png\" alt=\"\" class=\"wp-image-100221\" srcset=\"https:\/\/corrientesdetarde.com\/wp-content\/uploads\/2023\/11\/image-81.png 609w, https:\/\/corrientesdetarde.com\/wp-content\/uploads\/2023\/11\/image-81-222x300.png 222w\" sizes=\"auto, (max-width: 609px) 100vw, 609px\" \/><\/figure>\n\n\n\n<figure class=\"wp-block-image size-full\"><img loading=\"lazy\" decoding=\"async\" width=\"611\" height=\"810\" src=\"https:\/\/corrientesdetarde.com\/wp-content\/uploads\/2023\/11\/image-82.png\" alt=\"\" class=\"wp-image-100222\" srcset=\"https:\/\/corrientesdetarde.com\/wp-content\/uploads\/2023\/11\/image-82.png 611w, https:\/\/corrientesdetarde.com\/wp-content\/uploads\/2023\/11\/image-82-226x300.png 226w\" sizes=\"auto, (max-width: 611px) 100vw, 611px\" \/><\/figure>\n<\/div>\n\n\n\n<figure class=\"wp-block-image\"><img decoding=\"async\" src=\"blob:https:\/\/corrientesdetarde.com\/ed14bf4a-d2d3-47a4-9ad7-c2d9247ad06c\" alt=\"\"\/><\/figure>\n","protected":false},"excerpt":{"rendered":"<p>Culmin\u00f3 con gran \u00e9xito este evento gastron\u00f3mico que se llev\u00f3 a cabo este pasado fin de semana en la segunda ciudad de Corrientes en su emblem\u00e1tico predio Costa Surub\u00ed. Su&hellip; <\/p>\n","protected":false},"author":1,"featured_media":100220,"comment_status":"closed","ping_status":"open","sticky":false,"template":"","format":"standard","meta":{"footnotes":""},"categories":[22],"tags":[],"class_list":["post-100219","post","type-post","status-publish","format-standard","has-post-thumbnail","hentry","category-eventos"],"_links":{"self":[{"href":"https:\/\/corrientesdetarde.com\/index.php\/wp-json\/wp\/v2\/posts\/100219","targetHints":{"allow":["GET"]}}],"collection":[{"href":"https:\/\/corrientesdetarde.com\/index.php\/wp-json\/wp\/v2\/posts"}],"about":[{"href":"https:\/\/corrientesdetarde.com\/index.php\/wp-json\/wp\/v2\/types\/post"}],"author":[{"embeddable":true,"href":"https:\/\/corrientesdetarde.com\/index.php\/wp-json\/wp\/v2\/users\/1"}],"replies":[{"embeddable":true,"href":"https:\/\/corrientesdetarde.com\/index.php\/wp-json\/wp\/v2\/comments?post=100219"}],"version-history":[{"count":1,"href":"https:\/\/corrientesdetarde.com\/index.php\/wp-json\/wp\/v2\/posts\/100219\/revisions"}],"predecessor-version":[{"id":100224,"href":"https:\/\/corrientesdetarde.com\/index.php\/wp-json\/wp\/v2\/posts\/100219\/revisions\/100224"}],"wp:featuredmedia":[{"embeddable":true,"href":"https:\/\/corrientesdetarde.com\/index.php\/wp-json\/wp\/v2\/media\/100220"}],"wp:attachment":[{"href":"https:\/\/corrientesdetarde.com\/index.php\/wp-json\/wp\/v2\/media?parent=100219"}],"wp:term":[{"taxonomy":"category","embeddable":true,"href":"https:\/\/corrientesdetarde.com\/index.php\/wp-json\/wp\/v2\/categories?post=100219"},{"taxonomy":"post_tag","embeddable":true,"href":"https:\/\/corrientesdetarde.com\/index.php\/wp-json\/wp\/v2\/tags?post=100219"}],"curies":[{"name":"wp","href":"https:\/\/api.w.org\/{rel}","templated":true}]}}