{"id":100279,"date":"2023-11-06T15:39:59","date_gmt":"2023-11-06T18:39:59","guid":{"rendered":"https:\/\/corrientesdetarde.com\/?p=100279"},"modified":"2023-11-06T15:40:04","modified_gmt":"2023-11-06T18:40:04","slug":"la-provincia-esta-finalizando-la-obra-de-ampliacion-de-la-internacion-del-hospital-pediatrico","status":"publish","type":"post","link":"https:\/\/corrientesdetarde.com\/index.php\/informacion-general\/la-provincia-esta-finalizando-la-obra-de-ampliacion-de-la-internacion-del-hospital-pediatrico\/","title":{"rendered":"La Provincia est\u00e1 finalizando la obra de ampliaci\u00f3n de la internaci\u00f3n del Hospital Pedi\u00e1trico"},"content":{"rendered":"\n<p>La obra de ampliaci\u00f3n del hospital Pedi\u00e1trico Juan Pablo II que lleva adelante el Gobierno Provincial est\u00e1 en sus instancias finales. Tiene m\u00e1s del 90% de avance. Ser\u00e1n&nbsp;26 nuevas camas en habitaciones dobles con sanitarios privados y \u00e1reas de Admisi\u00f3n, consultorios y dormitorios para 12 residentes, una estaci\u00f3n de enfermer\u00eda y un espacio para el servicio de Endocrinolog\u00eda, entre otros.<\/p>\n\n\n\n<p>La obra, dispuesta por el gobernador Gustavo Vald\u00e9s, es encarada por el Ministerio de Obras y Servicios P\u00fablicos, a trav\u00e9s de su Unidad de Arquitectura Hospitalaria y se sit\u00faa en la Planta Alta del nuevo edificio, en construcci\u00f3n, del Centro de Rehabilitaci\u00f3n situado en avenida Artigas y Suiza.<\/p>\n\n\n\n<p>Estos trabajos&nbsp;surgieron a partir del hecho de que el hospital Pedi\u00e1trico \u201cJuan Pablo II\u201d es el efector m\u00e1s importante en la atenci\u00f3n de la salud de ni\u00f1os en la Provincia, y presenta un d\u00e9ficit en el \u00e1rea de internaci\u00f3n debido a la creciente y constante demanda asistencial.<\/p>\n\n\n\n<p><strong>Los trabajos<\/strong><strong><\/strong><\/p>\n\n\n\n<p>El Servicio de Internaci\u00f3n del Pedi\u00e1trico se ampliar\u00e1 en 1.000 metros cuadrados los cuales incluir\u00e1n tambi\u00e9n un \u00e1rea de Admisi\u00f3n, consultorios y Servicio de Endocrinolog\u00eda.<\/p>\n\n\n\n<p>Esta ampliaci\u00f3n de la internaci\u00f3n posibilitar\u00e1 26 nuevas camas en habitaciones dobles con sanitarios privados y \u00e1rea de guardado, as\u00ed como una Estaci\u00f3n de Enfermer\u00eda completa con sus \u00e1reas de apoyo.<\/p>\n\n\n\n<p>Tambi\u00e9n el espacio&nbsp;contar\u00e1 con una sala de reuniones\/ Aula y dormitorios para 12 residentes, con todos los servicios necesarios&nbsp;para que los m\u00e9dicos en formaci\u00f3n puedan continuar su capacitaci\u00f3n profesional en los distintos servicios del hospital.&nbsp;&nbsp;<\/p>\n\n\n\n<p>Con estos trabajos se dar\u00e1 una respuesta concreta\u00a0al d\u00e9ficit habitacional existente, mejorando ampliamente el servicio con m\u00e1s camas y la incorporaci\u00f3n de estaci\u00f3n de enfermer\u00eda de alta prestaci\u00f3n.\u00a0<\/p>\n\n\n\n<figure class=\"wp-block-image size-full\"><img loading=\"lazy\" decoding=\"async\" width=\"800\" height=\"551\" src=\"https:\/\/corrientesdetarde.com\/wp-content\/uploads\/2023\/11\/Internacion-Pediatrico_0132.jpg\" alt=\"\" class=\"wp-image-100283\" srcset=\"https:\/\/corrientesdetarde.com\/wp-content\/uploads\/2023\/11\/Internacion-Pediatrico_0132.jpg 800w, https:\/\/corrientesdetarde.com\/wp-content\/uploads\/2023\/11\/Internacion-Pediatrico_0132-300x207.jpg 300w, https:\/\/corrientesdetarde.com\/wp-content\/uploads\/2023\/11\/Internacion-Pediatrico_0132-768x529.jpg 768w\" sizes=\"auto, (max-width: 800px) 100vw, 800px\" \/><\/figure>\n\n\n\n<figure class=\"wp-block-image size-full\"><img loading=\"lazy\" decoding=\"async\" width=\"800\" height=\"535\" src=\"https:\/\/corrientesdetarde.com\/wp-content\/uploads\/2023\/11\/Internacion-Pediatrico_0149.jpg\" alt=\"\" class=\"wp-image-100282\" srcset=\"https:\/\/corrientesdetarde.com\/wp-content\/uploads\/2023\/11\/Internacion-Pediatrico_0149.jpg 800w, https:\/\/corrientesdetarde.com\/wp-content\/uploads\/2023\/11\/Internacion-Pediatrico_0149-300x201.jpg 300w, https:\/\/corrientesdetarde.com\/wp-content\/uploads\/2023\/11\/Internacion-Pediatrico_0149-768x514.jpg 768w\" sizes=\"auto, (max-width: 800px) 100vw, 800px\" \/><\/figure>\n\n\n\n<figure class=\"wp-block-image size-full\"><img loading=\"lazy\" decoding=\"async\" width=\"800\" height=\"535\" src=\"https:\/\/corrientesdetarde.com\/wp-content\/uploads\/2023\/11\/Internacion-Pediatrico_0144.jpg\" alt=\"\" class=\"wp-image-100286\" srcset=\"https:\/\/corrientesdetarde.com\/wp-content\/uploads\/2023\/11\/Internacion-Pediatrico_0144.jpg 800w, https:\/\/corrientesdetarde.com\/wp-content\/uploads\/2023\/11\/Internacion-Pediatrico_0144-300x201.jpg 300w, https:\/\/corrientesdetarde.com\/wp-content\/uploads\/2023\/11\/Internacion-Pediatrico_0144-768x514.jpg 768w\" sizes=\"auto, (max-width: 800px) 100vw, 800px\" \/><\/figure>\n\n\n\n<figure class=\"wp-block-image size-full\"><img loading=\"lazy\" decoding=\"async\" width=\"800\" height=\"535\" src=\"https:\/\/corrientesdetarde.com\/wp-content\/uploads\/2023\/11\/Internacion-Pediatrico_0151.jpg\" alt=\"\" class=\"wp-image-100287\" srcset=\"https:\/\/corrientesdetarde.com\/wp-content\/uploads\/2023\/11\/Internacion-Pediatrico_0151.jpg 800w, https:\/\/corrientesdetarde.com\/wp-content\/uploads\/2023\/11\/Internacion-Pediatrico_0151-300x201.jpg 300w, https:\/\/corrientesdetarde.com\/wp-content\/uploads\/2023\/11\/Internacion-Pediatrico_0151-768x514.jpg 768w\" sizes=\"auto, (max-width: 800px) 100vw, 800px\" \/><\/figure>\n\n\n\n<figure class=\"wp-block-image size-full\"><img loading=\"lazy\" decoding=\"async\" width=\"800\" height=\"535\" src=\"https:\/\/corrientesdetarde.com\/wp-content\/uploads\/2023\/11\/Internacion-Pediatrico_0161.jpg\" alt=\"\" class=\"wp-image-100288\" srcset=\"https:\/\/corrientesdetarde.com\/wp-content\/uploads\/2023\/11\/Internacion-Pediatrico_0161.jpg 800w, https:\/\/corrientesdetarde.com\/wp-content\/uploads\/2023\/11\/Internacion-Pediatrico_0161-300x201.jpg 300w, https:\/\/corrientesdetarde.com\/wp-content\/uploads\/2023\/11\/Internacion-Pediatrico_0161-768x514.jpg 768w\" sizes=\"auto, (max-width: 800px) 100vw, 800px\" \/><\/figure>\n\n\n\n<figure class=\"wp-block-image size-full\"><img loading=\"lazy\" decoding=\"async\" width=\"800\" height=\"535\" src=\"https:\/\/corrientesdetarde.com\/wp-content\/uploads\/2023\/11\/Internacion-Pediatrico_0178.jpg\" alt=\"\" class=\"wp-image-100281\" srcset=\"https:\/\/corrientesdetarde.com\/wp-content\/uploads\/2023\/11\/Internacion-Pediatrico_0178.jpg 800w, https:\/\/corrientesdetarde.com\/wp-content\/uploads\/2023\/11\/Internacion-Pediatrico_0178-300x201.jpg 300w, https:\/\/corrientesdetarde.com\/wp-content\/uploads\/2023\/11\/Internacion-Pediatrico_0178-768x514.jpg 768w\" sizes=\"auto, (max-width: 800px) 100vw, 800px\" \/><\/figure>\n\n\n\n<figure class=\"wp-block-image size-full\"><img loading=\"lazy\" decoding=\"async\" width=\"800\" height=\"535\" src=\"https:\/\/corrientesdetarde.com\/wp-content\/uploads\/2023\/11\/Internacion-Pediatrico_0136.jpg\" alt=\"\" class=\"wp-image-100280\" srcset=\"https:\/\/corrientesdetarde.com\/wp-content\/uploads\/2023\/11\/Internacion-Pediatrico_0136.jpg 800w, https:\/\/corrientesdetarde.com\/wp-content\/uploads\/2023\/11\/Internacion-Pediatrico_0136-300x201.jpg 300w, https:\/\/corrientesdetarde.com\/wp-content\/uploads\/2023\/11\/Internacion-Pediatrico_0136-768x514.jpg 768w\" sizes=\"auto, (max-width: 800px) 100vw, 800px\" \/><\/figure>\n\n\n\n<figure class=\"wp-block-image size-full\"><img loading=\"lazy\" decoding=\"async\" width=\"800\" height=\"535\" src=\"https:\/\/corrientesdetarde.com\/wp-content\/uploads\/2023\/11\/Internacion-Pediatrico_0174.jpg\" alt=\"\" class=\"wp-image-100285\" srcset=\"https:\/\/corrientesdetarde.com\/wp-content\/uploads\/2023\/11\/Internacion-Pediatrico_0174.jpg 800w, https:\/\/corrientesdetarde.com\/wp-content\/uploads\/2023\/11\/Internacion-Pediatrico_0174-300x201.jpg 300w, https:\/\/corrientesdetarde.com\/wp-content\/uploads\/2023\/11\/Internacion-Pediatrico_0174-768x514.jpg 768w\" sizes=\"auto, (max-width: 800px) 100vw, 800px\" \/><\/figure>\n\n\n\n<figure class=\"wp-block-image size-full\"><img loading=\"lazy\" decoding=\"async\" width=\"800\" height=\"535\" src=\"https:\/\/corrientesdetarde.com\/wp-content\/uploads\/2023\/11\/Internacion-Pediatrico_0147.jpg\" alt=\"\" class=\"wp-image-100284\" srcset=\"https:\/\/corrientesdetarde.com\/wp-content\/uploads\/2023\/11\/Internacion-Pediatrico_0147.jpg 800w, https:\/\/corrientesdetarde.com\/wp-content\/uploads\/2023\/11\/Internacion-Pediatrico_0147-300x201.jpg 300w, https:\/\/corrientesdetarde.com\/wp-content\/uploads\/2023\/11\/Internacion-Pediatrico_0147-768x514.jpg 768w\" sizes=\"auto, (max-width: 800px) 100vw, 800px\" \/><\/figure>\n","protected":false},"excerpt":{"rendered":"<p>La obra de ampliaci\u00f3n del hospital Pedi\u00e1trico Juan Pablo II que lleva adelante el Gobierno Provincial est\u00e1 en sus instancias finales. Tiene m\u00e1s del 90% de avance. Ser\u00e1n&nbsp;26 nuevas camas&hellip; <\/p>\n","protected":false},"author":8,"featured_media":100288,"comment_status":"closed","ping_status":"open","sticky":false,"template":"","format":"standard","meta":{"footnotes":""},"categories":[1],"tags":[],"class_list":["post-100279","post","type-post","status-publish","format-standard","has-post-thumbnail","hentry","category-informacion-general"],"_links":{"self":[{"href":"https:\/\/corrientesdetarde.com\/index.php\/wp-json\/wp\/v2\/posts\/100279","targetHints":{"allow":["GET"]}}],"collection":[{"href":"https:\/\/corrientesdetarde.com\/index.php\/wp-json\/wp\/v2\/posts"}],"about":[{"href":"https:\/\/corrientesdetarde.com\/index.php\/wp-json\/wp\/v2\/types\/post"}],"author":[{"embeddable":true,"href":"https:\/\/corrientesdetarde.com\/index.php\/wp-json\/wp\/v2\/users\/8"}],"replies":[{"embeddable":true,"href":"https:\/\/corrientesdetarde.com\/index.php\/wp-json\/wp\/v2\/comments?post=100279"}],"version-history":[{"count":1,"href":"https:\/\/corrientesdetarde.com\/index.php\/wp-json\/wp\/v2\/posts\/100279\/revisions"}],"predecessor-version":[{"id":100289,"href":"https:\/\/corrientesdetarde.com\/index.php\/wp-json\/wp\/v2\/posts\/100279\/revisions\/100289"}],"wp:featuredmedia":[{"embeddable":true,"href":"https:\/\/corrientesdetarde.com\/index.php\/wp-json\/wp\/v2\/media\/100288"}],"wp:attachment":[{"href":"https:\/\/corrientesdetarde.com\/index.php\/wp-json\/wp\/v2\/media?parent=100279"}],"wp:term":[{"taxonomy":"category","embeddable":true,"href":"https:\/\/corrientesdetarde.com\/index.php\/wp-json\/wp\/v2\/categories?post=100279"},{"taxonomy":"post_tag","embeddable":true,"href":"https:\/\/corrientesdetarde.com\/index.php\/wp-json\/wp\/v2\/tags?post=100279"}],"curies":[{"name":"wp","href":"https:\/\/api.w.org\/{rel}","templated":true}]}}