{"id":100330,"date":"2023-11-06T17:28:34","date_gmt":"2023-11-06T20:28:34","guid":{"rendered":"https:\/\/corrientesdetarde.com\/?p=100330"},"modified":"2023-11-06T17:28:46","modified_gmt":"2023-11-06T20:28:46","slug":"lula-da-silva-manda-a-las-fuerzas-armadas-a-vigilar-las-fronteras-puertos-y-aeropuertos-de-brasil","status":"publish","type":"post","link":"https:\/\/corrientesdetarde.com\/index.php\/internacionales\/lula-da-silva-manda-a-las-fuerzas-armadas-a-vigilar-las-fronteras-puertos-y-aeropuertos-de-brasil\/","title":{"rendered":"Lula da Silva manda a las Fuerzas Armadas a vigilar las fronteras, puertos y aeropuertos de Brasil"},"content":{"rendered":"\n<p>La medida se enmarca dentro de un decreto firmado el mi\u00e9rcoles pasado por el mandatario que autoriza el empleo de los militares con la misi\u00f3n de combatir el crimen organizado.<\/p>\n\n\n\n<p>Por orden del presidente Luis In\u00e1cio Lula de Silva, las Fuerzas Armadas de Brasil se empezaron a desplegar este lunes para reforzar la seguridad en los principales puertos y aeropuertos del pa\u00eds, as\u00ed como en las fronteras con Paraguay y Bolivia.<\/p>\n\n\n\n<p>La medida se enmarca dentro de un decreto firmado el mi\u00e9rcoles pasado por el mandatario que\u00a0<strong>autoriza el empleo de los militares con la misi\u00f3n de combatir el crimen organizado<\/strong>, que utiliza esas infraestructuras cr\u00edticas para sus negocios il\u00edcitos, report\u00f3\u00a0<em>EFE<\/em>.<\/p>\n\n\n\n<p>La presencia de las Fuerzas Armadas, que trabajar\u00e1n en conjunto con la Polic\u00eda y otros cuerpos de seguridad del Estado, se extender\u00e1 hasta mayo de 2024. Sin embargo, Lula dej\u00f3 abierta la posibilidad de prorrogar la medida, en caso de que sea necesario.<\/p>\n\n\n\n<p>El reporte no mencion\u00f3 la militarizaci\u00f3n de la frontera con Argentina.<\/p>\n\n\n\n<h2 class=\"wp-block-heading\">Por qu\u00e9 el gobierno de Lula militariz\u00f3 puertos, aeropuertos y las fronteras<\/h2>\n\n\n\n<p>El Gobierno tom\u00f3 esa determinaci\u00f3n ante el deterioro de la seguridad en algunos estados del pa\u00eds, como R\u00edo Grande do Norte, Bah\u00eda y R\u00edo de Janeiro.<\/p>\n\n\n\n<p>Adem\u00e1s, San Pablo es el centro de operaciones del Primer Comando de la Capital (PCC), la banda criminal m\u00e1s poderosa de Brasil y que ha extendido sus tent\u00e1culos por otros pa\u00edses de Am\u00e9rica Latina.<\/p>\n\n\n\n<figure class=\"wp-block-image\"><img decoding=\"async\" src=\"https:\/\/tn.com.ar\/resizer\/oTK32vxNpZAuvjPjEa0p_N739jQ=\/767x0\/smart\/filters:format(webp)\/cloudfront-us-east-1.images.arcpublishing.com\/artear\/VXQ7D4JP2ZBT7NUNF5YI5MMVXM.jpg\" alt=\"Militares custodian el puerto de R\u00edo de Janeiro (Foto: EFE)\"\/><\/figure>\n\n\n\n<p>En principio, los militares custodiar\u00e1n los puertos de Itagua\u00ed, R\u00edo de Janeiro y Santos, el mayor de Latinoam\u00e9rica, as\u00ed como a las zonas anexas; y los aeropuertos internacionales de Gale\u00e3o, en R\u00edo de Janeiro, y Guarulhos, en San Pablo.<\/p>\n\n\n\n<p>Adem\u00e1s, tambi\u00e9n intensificar\u00e1n la vigilancia en las fronteras con Bolivia y Paraguay, con especial atenci\u00f3n en el lago de Itaip\u00fa, una de las rutas utilizadas por los narcotraficantes para introducir drogas a Brasil desde los pa\u00edses vecinos.<\/p>\n\n\n\n<p>En paralelo, la Polic\u00eda Federal tambi\u00e9n fortalecer\u00e1 las acciones de inteligencia contra facciones armadas y grupos parapoliciales, formadas por agentes y exagentes corruptos, sobre todo en R\u00edo de Janeiro.<\/p>\n\n\n\n<p>\u201cSe ha llegado a una situaci\u00f3n muy grave, la violencia se ha agravado y hemos decidido que el Gobierno federal participe con todo su potencial\u201d, explic\u00f3 Lula al anunciar la medida.<\/p>\n","protected":false},"excerpt":{"rendered":"<p>La medida se enmarca dentro de un decreto firmado el mi\u00e9rcoles pasado por el mandatario que autoriza el empleo de los militares con la misi\u00f3n de combatir el crimen organizado.&hellip; <\/p>\n","protected":false},"author":8,"featured_media":100331,"comment_status":"closed","ping_status":"open","sticky":false,"template":"","format":"standard","meta":{"footnotes":""},"categories":[11],"tags":[],"class_list":["post-100330","post","type-post","status-publish","format-standard","has-post-thumbnail","hentry","category-internacionales"],"_links":{"self":[{"href":"https:\/\/corrientesdetarde.com\/index.php\/wp-json\/wp\/v2\/posts\/100330","targetHints":{"allow":["GET"]}}],"collection":[{"href":"https:\/\/corrientesdetarde.com\/index.php\/wp-json\/wp\/v2\/posts"}],"about":[{"href":"https:\/\/corrientesdetarde.com\/index.php\/wp-json\/wp\/v2\/types\/post"}],"author":[{"embeddable":true,"href":"https:\/\/corrientesdetarde.com\/index.php\/wp-json\/wp\/v2\/users\/8"}],"replies":[{"embeddable":true,"href":"https:\/\/corrientesdetarde.com\/index.php\/wp-json\/wp\/v2\/comments?post=100330"}],"version-history":[{"count":1,"href":"https:\/\/corrientesdetarde.com\/index.php\/wp-json\/wp\/v2\/posts\/100330\/revisions"}],"predecessor-version":[{"id":100332,"href":"https:\/\/corrientesdetarde.com\/index.php\/wp-json\/wp\/v2\/posts\/100330\/revisions\/100332"}],"wp:featuredmedia":[{"embeddable":true,"href":"https:\/\/corrientesdetarde.com\/index.php\/wp-json\/wp\/v2\/media\/100331"}],"wp:attachment":[{"href":"https:\/\/corrientesdetarde.com\/index.php\/wp-json\/wp\/v2\/media?parent=100330"}],"wp:term":[{"taxonomy":"category","embeddable":true,"href":"https:\/\/corrientesdetarde.com\/index.php\/wp-json\/wp\/v2\/categories?post=100330"},{"taxonomy":"post_tag","embeddable":true,"href":"https:\/\/corrientesdetarde.com\/index.php\/wp-json\/wp\/v2\/tags?post=100330"}],"curies":[{"name":"wp","href":"https:\/\/api.w.org\/{rel}","templated":true}]}}