{"id":100334,"date":"2023-11-06T17:31:58","date_gmt":"2023-11-06T20:31:58","guid":{"rendered":"https:\/\/corrientesdetarde.com\/?p=100334"},"modified":"2023-11-06T17:32:04","modified_gmt":"2023-11-06T20:32:04","slug":"massa-refuerza-su-presencia-en-cordoba-para-conquistar-a-los-votantes-de-schiaretti","status":"publish","type":"post","link":"https:\/\/corrientesdetarde.com\/index.php\/politica\/massa-refuerza-su-presencia-en-cordoba-para-conquistar-a-los-votantes-de-schiaretti\/","title":{"rendered":"Massa refuerza su presencia en C\u00f3rdoba para conquistar a los votantes de Schiaretti"},"content":{"rendered":"\n<p>El ministro de Econom\u00eda viaj\u00f3 a la provincia para realizar una serie de actividades. La estrategia con la que busca diferenciarse de Milei y sumar m\u00e1s respaldo para la segunda vuelta.<\/p>\n\n\n\n<p>A menos de dos semanas para el balotaje presidencial, la campa\u00f1a pol\u00edtica entra en su recta final, donde se afinan los discursos y se lleva adelante todo el despliegue territorial posible. A priori, hay dos electorados que tanto\u00a0Sergio Massa\u00a0(Uni\u00f3n por la Patria) y\u00a0Javier Milei (La Libertad Avanza) ir\u00e1n a buscar, que son los de\u00a0Juntos por el Cambio y el de Hacemos, la fuerza de\u00a0Juan Schiaretti.<\/p>\n\n\n\n<p>El caso es que el voto de JxC asoma m\u00e1s reacio a volcarse a Massa, en parte porque el grueso del voto moderado emigr\u00f3 tras las PASO.\u00a0<strong>Ese cerca del 24% de Patricia Bullrich\u00a0<\/strong>se ir\u00e1 mayoritariamente a Milei mientras que otra parte se repartir\u00e1 entre el blanco y el oficialismo. En tanto,\u00a0<strong>el casi 7% del gobernador cordob\u00e9s puede ser definitivo\u00a0<\/strong>y hasta ahora, no est\u00e1 claro para d\u00f3nde se redirigir\u00e1.<\/p>\n\n\n\n<p>Schiaretti no se pronunci\u00f3 todav\u00eda, aunque se mantiene neutral, con cr\u00edticas tanto al dirigente libertario como al l\u00edder del Frente Renovador. S\u00ed se han expresado distintos dirigentes de su partido, as\u00ed como tambi\u00e9n la diputada nacional Natalia De la Sota, hija del hist\u00f3rico gobernador Jos\u00e9 Manuel De la Sota. En el entorno del ministro de Econom\u00eda conf\u00edan en atraer a buena parte de ese electorado, como as\u00ed tambi\u00e9n lograr alg\u00fan gui\u00f1o del gobernador cordob\u00e9s.<\/p>\n\n\n\n<figure class=\"wp-block-image\"><img decoding=\"async\" src=\"https:\/\/tn.com.ar\/resizer\/1VnQywCLIX3sXsQbvvR0TrF520g=\/767x0\/smart\/filters:format(webp)\/cloudfront-us-east-1.images.arcpublishing.com\/artear\/R3R7CPV2H5GXXBCN32JQWNM52Y.jpg\" alt=\"Exsocios contra el kirchnerismo y ahora enfrentados en la carrera a la presidencia, Sergio Massa va a la conquista de Juan Schiaretti y el voto peronista cordob\u00e9s (Foto: NA\/Agencia C\u00f3rdoba).\"\/><\/figure>\n\n\n\n<p>La intenci\u00f3n de Massa y su equipo es\u00a0<strong>repetir la receta que los llev\u00f3 a dar vuelta la elecci\u00f3n de las PASO<\/strong>, ahora para sumar los votos que necesitan para asegurar el triunfo en la segunda vuelta. Hacer foco en la gesti\u00f3n como ministro (y en Tigre), pero sobre todo desde que es candidato y hacia adelante: nueva etapa federal y un gobierno de unidad nacional\u00a0<strong>\u201ccon los mejores y las mejores ideas\u201d.<\/strong><\/p>\n\n\n\n<p>La base del mensaje que busca hacer llegar el candidato de UxP es \u201ccambiar programas sociales por programas de empleo. Estado eficiente y con control del gasto p\u00fablico, pero sin que la cuenta la paguen los argentinos que trabajan. Menos impuestos m\u00e1s trabajo y producci\u00f3n\u201d, remarcan en el entorno de Massa. Otro de los ejes clave es el&nbsp;<strong>contraste con las propuestas de Milei<\/strong>.<\/p>\n\n\n\n<p><strong>El miedo volver\u00e1 a ser el motor de la campa\u00f1a<\/strong>, en especial en el tramo final. Mientras Massa habla de educaci\u00f3n p\u00fablica y de calidad, y evoca el modelo de Seguridad con c\u00e1maras e inversi\u00f3n en Tigre, intenta marcar la diferencia con el libertario, al que apuntan que \u201cquiere gobernar por decreto\u201d. \u201cLo que dice lo va a hacer.\u00a0<strong>El Milei moderado de esta nueva etapa no es real<\/strong>\u201d, sostienen.<\/p>\n\n\n\n<p>Por este motivo, Massa encabeza este lunes distintas actividades en C\u00f3rdoba, entre ellas un acto pol\u00edtico, que busca mejorar la performance de Uni\u00f3n por la Patria en la provincia, que&nbsp;<strong>representa m\u00e1s del 9% del padr\u00f3n nacional.<\/strong>&nbsp;En las generales, en el apartado presidencial quedaron en cuarto lugar, con poco m\u00e1s del 13% de los votos. Si se repite la diferencia, ser\u00e1 muy dif\u00edcil ser competitivos en la segunda vuelta.<\/p>\n\n\n\n<figure class=\"wp-block-image\"><img decoding=\"async\" src=\"https:\/\/tn.com.ar\/resizer\/c1J7H5TdWJ4Vd7y6HSQ7emxOgmc=\/767x0\/smart\/filters:format(webp)\/cloudfront-us-east-1.images.arcpublishing.com\/artear\/TCG2NPDBT5BWRI5BS5YT3MTPA4.jpg\" alt=\"Sergio Massa y Javier Milei se enfrentar\u00e1n en el balotaje del pr\u00f3ximo 19 de noviembre (Foto: Reuters).\"\/><\/figure>\n\n\n\n<p>En la ciudad de R\u00edo Cuarto, Massa puso en funcionamiento junto al ministro de Transporte, Diego Giuliano, el sistema de tarjeta SUBE para que sea utilizada en el transporte local. All\u00ed, el ministro de Econom\u00eda evoc\u00f3 al fallecido exgobernador Jos\u00e9 Manuel de la Sota. D\u00edas atr\u00e1s recibi\u00f3 el apoyo de su hija, Natalia, en la previa a la segunda vuelta.<\/p>\n\n\n\n<p>\u201cQuiero que nunca m\u00e1s C\u00f3rdoba tenga que hacer juicio para tener lo que corresponde. Quiero que sea producto del di\u00e1logo y del consenso. Si dios y los cordobeses me lo permiten, quiero iniciar una nueva etapa a partir del 10 de diciembre\u201d, asegur\u00f3. Tambi\u00e9n agradeci\u00f3 a Juan Manuel Urtubey, exgobernador de Salta, a quien le agradeci\u00f3 su respaldo y se\u00f1al\u00f3 que<strong>&nbsp;\u201cempieza un tiempo nuevo\u201d<\/strong>.<\/p>\n\n\n\n<p>\u201cEs fundamental cuidar el ingreso de los argentinos y me da miedo escuchar un candidato que dice que va a eliminar el subsidio al transporte. Porque es llevar el boleto de colectivo a 700 pesos\u201d. \u201cTrabajemos juntos por la Argentina de la uni\u00f3n nacional, que abrace definitivamente a todos los cordobeses\u201d, cerr\u00f3 Massa.<\/p>\n\n\n\n<figure class=\"wp-block-image\"><img decoding=\"async\" src=\"https:\/\/tn.com.ar\/resizer\/w7HKlCsVqhPkGWdLW0_8ppA5CoU=\/767x0\/smart\/filters:format(webp)\/cloudfront-us-east-1.images.arcpublishing.com\/artear\/O3B2JSOWSRB2XIBMLBHX7GGW6I.jfif\" alt=\"Massa apuesta a la gesti\u00f3n y una imagen de orden en contraposici\u00f3n con el &quot;salto al vac\u00edo de Milei&quot;. (Foto: Ministerio de Econom\u00eda).\"\/><\/figure>\n\n\n\n<p>M\u00e1s tarde, en la misma ciudad, en compa\u00f1\u00eda de la secretaria de Energ\u00eda, Flavia Royon, el ministro de Econom\u00eda recorrer\u00e1 una planta productora de biocombustibles. Se espera, adem\u00e1s, que Massa se re\u00fana en R\u00edo Cuarto con el intendente Juan Manuel Llamosas, un dirigente af\u00edn al gobernador justicialista Juan Schiaretti.<\/p>\n\n\n\n<p>Despu\u00e9s de su paso por R\u00edo Cuarto, Massa tendr\u00e1 una reuni\u00f3n de trabajo con el secretario de Agricultura, Juan Jos\u00e9 Bahillo, en una cooperativa l\u00e1ctea de la ciudad de James Craik, identificada como la capital nacional del tambo. Por \u00faltimo, Massa encabezar\u00e1 esta noche un acto pol\u00edtico en el club General Paz Juniors, en la capital provincial. La gira del ministro de Econom\u00eda y candidato continuar\u00e1 este martes en Santa Fe, otra provincia clave en la suma de votos nacional.<\/p>\n","protected":false},"excerpt":{"rendered":"<p>El ministro de Econom\u00eda viaj\u00f3 a la provincia para realizar una serie de actividades. La estrategia con la que busca diferenciarse de Milei y sumar m\u00e1s respaldo para la segunda&hellip; <\/p>\n","protected":false},"author":8,"featured_media":100335,"comment_status":"closed","ping_status":"open","sticky":false,"template":"","format":"standard","meta":{"footnotes":""},"categories":[3],"tags":[],"class_list":["post-100334","post","type-post","status-publish","format-standard","has-post-thumbnail","hentry","category-politica"],"_links":{"self":[{"href":"https:\/\/corrientesdetarde.com\/index.php\/wp-json\/wp\/v2\/posts\/100334","targetHints":{"allow":["GET"]}}],"collection":[{"href":"https:\/\/corrientesdetarde.com\/index.php\/wp-json\/wp\/v2\/posts"}],"about":[{"href":"https:\/\/corrientesdetarde.com\/index.php\/wp-json\/wp\/v2\/types\/post"}],"author":[{"embeddable":true,"href":"https:\/\/corrientesdetarde.com\/index.php\/wp-json\/wp\/v2\/users\/8"}],"replies":[{"embeddable":true,"href":"https:\/\/corrientesdetarde.com\/index.php\/wp-json\/wp\/v2\/comments?post=100334"}],"version-history":[{"count":1,"href":"https:\/\/corrientesdetarde.com\/index.php\/wp-json\/wp\/v2\/posts\/100334\/revisions"}],"predecessor-version":[{"id":100336,"href":"https:\/\/corrientesdetarde.com\/index.php\/wp-json\/wp\/v2\/posts\/100334\/revisions\/100336"}],"wp:featuredmedia":[{"embeddable":true,"href":"https:\/\/corrientesdetarde.com\/index.php\/wp-json\/wp\/v2\/media\/100335"}],"wp:attachment":[{"href":"https:\/\/corrientesdetarde.com\/index.php\/wp-json\/wp\/v2\/media?parent=100334"}],"wp:term":[{"taxonomy":"category","embeddable":true,"href":"https:\/\/corrientesdetarde.com\/index.php\/wp-json\/wp\/v2\/categories?post=100334"},{"taxonomy":"post_tag","embeddable":true,"href":"https:\/\/corrientesdetarde.com\/index.php\/wp-json\/wp\/v2\/tags?post=100334"}],"curies":[{"name":"wp","href":"https:\/\/api.w.org\/{rel}","templated":true}]}}