{"id":100343,"date":"2023-11-06T17:46:59","date_gmt":"2023-11-06T20:46:59","guid":{"rendered":"https:\/\/corrientesdetarde.com\/?p=100343"},"modified":"2023-11-06T17:47:04","modified_gmt":"2023-11-06T20:47:04","slug":"tiene-104-anos-la-eliminaron-del-padron-por-su-edad-y-logro-que-un-juez-la-reincorpore-para-que-pueda-votar","status":"publish","type":"post","link":"https:\/\/corrientesdetarde.com\/index.php\/sociales\/tiene-104-anos-la-eliminaron-del-padron-por-su-edad-y-logro-que-un-juez-la-reincorpore-para-que-pueda-votar\/","title":{"rendered":"Tiene 104 a\u00f1os, la eliminaron del padr\u00f3n por su edad y logr\u00f3 que un juez la reincorpore para que pueda votar"},"content":{"rendered":"\n<p>Magdalena Fanny C\u00f3rdoba quiso cumplir con su derecho en las PASO de agosto y en las generales de octubre, pero no pudo. Gracias a una resoluci\u00f3n de un juez, podr\u00e1 hacerlo en el baloteje del 19 de noviembre.<\/p>\n\n\n\n<p><strong>Magdalena Fanny C\u00f3rdoba<\/strong>, de 104 a\u00f1os, fue eliminada del padr\u00f3n por su edad y logr\u00f3 que un juez la reincorpore para que pueda votar en el balotaje del pr\u00f3ximo 19 de noviembre entre Sergio Massa y Javier Milei.<\/p>\n\n\n\n<p>La mujer naci\u00f3 el 16 de agosto de 1919 y por la medida no pudo votar en las PASO ni en las generales de octubre. Mediante un fallo<strong>,<\/strong>\u00a0aclar\u00f3 que no supo d\u00f3nde recurrir para encontrar la respuesta a su situaci\u00f3n porque\u00a0<strong>desconoc\u00eda que la edad pod\u00eda ser un impedimento\u00a0<\/strong>para ejercer su derecho.<\/p>\n\n\n\n<p>Por medio de una resoluci\u00f3n de cinco carillas, el juez federal<strong>&nbsp;Alejo Ramos Padilla&nbsp;<\/strong>explic\u00f3 que la raz\u00f3n de la exclusi\u00f3n de Magdalena del padr\u00f3n ten\u00eda que ver con una acordada de la C\u00e1mara Nacional Electoral de 2018. All\u00ed se dispuso la eliminaci\u00f3n autom\u00e1tica del sistema inform\u00e1tico electoral de todas aquellas personas que cumplan 104 a\u00f1os. Esa edad fue escogida en base a par\u00e1metros estad\u00edsticos de longevidad.<\/p>\n\n\n\n<figure class=\"wp-block-image\"><img decoding=\"async\" src=\"https:\/\/tn.com.ar\/resizer\/s-XXNhVvxWRd4AQoUg3oPv0RrH8=\/767x0\/smart\/filters:format(webp)\/cloudfront-us-east-1.images.arcpublishing.com\/artear\/6EN25SOMIZDF5CHVDAKXABHNCQ.jpg\" alt=\"El juez federal Alejo Ramos Padilla logr\u00f3 reincorporar a la mujer en el padr\u00f3n. (Foto: NA \/ Valeria Rossi)\"\/><\/figure>\n\n\n\n<p>\u201cEn este caso en particular, la ciudadana<strong>&nbsp;se ha visto afectada<\/strong>&nbsp;en su derecho de elegir a quienes habr\u00e1n de representarla en los distintos \u00e1mbitos de gobierno. Sumado a ello, la mayor expectativa de vida de los ciudadanos hace que, situaciones especiales, como las de la reclamante,&nbsp;<strong>deban contemplarse especialmente<\/strong>\u201d, escribi\u00f3 el juez.<\/p>\n\n\n\n<p>M\u00e1s adelante, reconoci\u00f3 que se ha \u201ccercenado el derecho de voto de una electora h\u00e1bil, que\u00a0<strong>se encontraba correctamente inscripta\u00a0<\/strong>en el registro electoral y que ahora qued\u00f3 excluida del padr\u00f3n de electores activos, por el solo hecho de haber cumplido la edad tomada como criterio de corte para la inclusi\u00f3n en la Acordada de referencia\u201d.<\/p>\n\n\n\n<p>En este sentido, el magistrado entendi\u00f3 \u201cel inter\u00e9s de participaci\u00f3n expresado por una ciudadana que vivi\u00f3 la imposibilidad de elegir a sus representantes y tiene en claro, y as\u00ed lo expresa,<strong>&nbsp;la importancia de asistir a emitir su voto<\/strong>\u201d. Es por eso que dispuso \u201cinstrumentar los mecanismos t\u00e9cnicos necesarios para garantizar que la ciudadana de menci\u00f3n pueda hacer efectivo su derecho de sufragio, en las pr\u00f3ximas elecciones convocadas para el 19 de noviembre de 2023\u2033.<\/p>\n\n\n\n<p>Sobre el final del escrito, el juez resolvi\u00f3 que la situaci\u00f3n le sea comunicada al delegado electoral de la escuela, ubicada en Villa Espa\u00f1a (Berazategui),<strong>&nbsp;para que garantice su voto<\/strong>&nbsp;en un cuarto oscuro accesible.<\/p>\n","protected":false},"excerpt":{"rendered":"<p>Magdalena Fanny C\u00f3rdoba quiso cumplir con su derecho en las PASO de agosto y en las generales de octubre, pero no pudo. Gracias a una resoluci\u00f3n de un juez, podr\u00e1&hellip; <\/p>\n","protected":false},"author":8,"featured_media":100344,"comment_status":"closed","ping_status":"open","sticky":false,"template":"","format":"standard","meta":{"footnotes":""},"categories":[17],"tags":[],"class_list":["post-100343","post","type-post","status-publish","format-standard","has-post-thumbnail","hentry","category-sociales"],"_links":{"self":[{"href":"https:\/\/corrientesdetarde.com\/index.php\/wp-json\/wp\/v2\/posts\/100343","targetHints":{"allow":["GET"]}}],"collection":[{"href":"https:\/\/corrientesdetarde.com\/index.php\/wp-json\/wp\/v2\/posts"}],"about":[{"href":"https:\/\/corrientesdetarde.com\/index.php\/wp-json\/wp\/v2\/types\/post"}],"author":[{"embeddable":true,"href":"https:\/\/corrientesdetarde.com\/index.php\/wp-json\/wp\/v2\/users\/8"}],"replies":[{"embeddable":true,"href":"https:\/\/corrientesdetarde.com\/index.php\/wp-json\/wp\/v2\/comments?post=100343"}],"version-history":[{"count":1,"href":"https:\/\/corrientesdetarde.com\/index.php\/wp-json\/wp\/v2\/posts\/100343\/revisions"}],"predecessor-version":[{"id":100345,"href":"https:\/\/corrientesdetarde.com\/index.php\/wp-json\/wp\/v2\/posts\/100343\/revisions\/100345"}],"wp:featuredmedia":[{"embeddable":true,"href":"https:\/\/corrientesdetarde.com\/index.php\/wp-json\/wp\/v2\/media\/100344"}],"wp:attachment":[{"href":"https:\/\/corrientesdetarde.com\/index.php\/wp-json\/wp\/v2\/media?parent=100343"}],"wp:term":[{"taxonomy":"category","embeddable":true,"href":"https:\/\/corrientesdetarde.com\/index.php\/wp-json\/wp\/v2\/categories?post=100343"},{"taxonomy":"post_tag","embeddable":true,"href":"https:\/\/corrientesdetarde.com\/index.php\/wp-json\/wp\/v2\/tags?post=100343"}],"curies":[{"name":"wp","href":"https:\/\/api.w.org\/{rel}","templated":true}]}}