{"id":100346,"date":"2023-11-06T18:06:42","date_gmt":"2023-11-06T21:06:42","guid":{"rendered":"https:\/\/corrientesdetarde.com\/?p=100346"},"modified":"2023-11-06T18:06:45","modified_gmt":"2023-11-06T21:06:45","slug":"se-realizaron-las-ferias-de-emprendedores-con-gran-exito","status":"publish","type":"post","link":"https:\/\/corrientesdetarde.com\/index.php\/eventos\/se-realizaron-las-ferias-de-emprendedores-con-gran-exito\/","title":{"rendered":"Se realizaron las Ferias de Emprendedores con gran \u00e9xito"},"content":{"rendered":"\n<p>Con una jornada de m\u00faltiples ofertas en cuanto a productos artesanales se realizaron las Ferias del Ministerio de Desarrollo Social de la provincia a cargo de Ad\u00e1n Gaya, &nbsp; este fin de semana en el Paseo Iber\u00e1 y en el &nbsp;Parque Eucaliptal del B\u00ba San Ger\u00f3nimo.<br><\/p>\n\n\n\n<p>La Direcci\u00f3n de comercializaci\u00f3n de este Ministerio, cuya titular es D\u00e9bora Galarza Alcaraz tiene a su cargo la coordinaci\u00f3n de las Ferias, junto a un gran equipo de artesanos y emprendedores.<\/p>\n\n\n\n<p><br>La Expo Emprendedora se llev\u00f3 a cabo &nbsp;este s\u00e1bado 4 &nbsp; y domingo 5 de noviembre en el Paseo Iber\u00e1, con la participaci\u00f3n de m\u00e1s de 300 artesanos y emprendedores gastron\u00f3micos y de reventa.<\/p>\n\n\n\n<p><br>Entre los productos se pod\u00eda observar gran variedad de panificados, pastelitos, churros, chip\u00e1 mboc\u00e1, hamburguesas, s\u00e1ndwich, jugos, helados y empanadas.<\/p>\n\n\n\n<p><br>Con patio de comidas para disfrutar c\u00f3modamente &nbsp;en familia o con amigos.<\/p>\n\n\n\n<p><br>Tambi\u00e9n se pod\u00eda adquirir &nbsp; productos textiles, tejidos, ornamentaciones para el hogar, plantas, bijouterie, talabarter\u00eda, herrer\u00eda entre otros rubros.<\/p>\n\n\n\n<p><br>Artistas locales fueron parte del espect\u00e1culo ofrecido a los vecinos, el s\u00e1bado actu\u00f3 &nbsp;Braian Acevedo y el domingo Carlos Maidana y Oro Puro.<br><br>Por su parte &nbsp;la Multiferia &nbsp;estuvo &nbsp; en el Parque el Eucaliptal &nbsp; del B\u00ba San Ger\u00f3nimo &nbsp;este Domingo 5 de noviembre &nbsp;de 15 a 21 hs &nbsp;con artesanos y emprendedores gastron\u00f3micos y &nbsp;de reventa.<\/p>\n\n\n\n<figure class=\"wp-block-image size-large\"><img loading=\"lazy\" decoding=\"async\" width=\"1024\" height=\"596\" src=\"https:\/\/corrientesdetarde.com\/wp-content\/uploads\/2023\/11\/a2e70dbf-c834-42df-be5b-cbd7fef7fa7f-1024x596.jpg\" alt=\"\" class=\"wp-image-100347\" srcset=\"https:\/\/corrientesdetarde.com\/wp-content\/uploads\/2023\/11\/a2e70dbf-c834-42df-be5b-cbd7fef7fa7f-1024x596.jpg 1024w, https:\/\/corrientesdetarde.com\/wp-content\/uploads\/2023\/11\/a2e70dbf-c834-42df-be5b-cbd7fef7fa7f-300x175.jpg 300w, https:\/\/corrientesdetarde.com\/wp-content\/uploads\/2023\/11\/a2e70dbf-c834-42df-be5b-cbd7fef7fa7f-768x447.jpg 768w, https:\/\/corrientesdetarde.com\/wp-content\/uploads\/2023\/11\/a2e70dbf-c834-42df-be5b-cbd7fef7fa7f-1536x894.jpg 1536w, https:\/\/corrientesdetarde.com\/wp-content\/uploads\/2023\/11\/a2e70dbf-c834-42df-be5b-cbd7fef7fa7f.jpg 1600w\" sizes=\"auto, (max-width: 1024px) 100vw, 1024px\" \/><\/figure>\n\n\n\n<figure class=\"wp-block-image size-large\"><img loading=\"lazy\" decoding=\"async\" width=\"1024\" height=\"768\" src=\"https:\/\/corrientesdetarde.com\/wp-content\/uploads\/2023\/11\/398944397_671750098395878_8367480334982575062_n-1024x768.jpg\" alt=\"\" class=\"wp-image-100350\" srcset=\"https:\/\/corrientesdetarde.com\/wp-content\/uploads\/2023\/11\/398944397_671750098395878_8367480334982575062_n-1024x768.jpg 1024w, https:\/\/corrientesdetarde.com\/wp-content\/uploads\/2023\/11\/398944397_671750098395878_8367480334982575062_n-300x225.jpg 300w, https:\/\/corrientesdetarde.com\/wp-content\/uploads\/2023\/11\/398944397_671750098395878_8367480334982575062_n-768x576.jpg 768w, https:\/\/corrientesdetarde.com\/wp-content\/uploads\/2023\/11\/398944397_671750098395878_8367480334982575062_n-1536x1152.jpg 1536w, https:\/\/corrientesdetarde.com\/wp-content\/uploads\/2023\/11\/398944397_671750098395878_8367480334982575062_n.jpg 2048w\" sizes=\"auto, (max-width: 1024px) 100vw, 1024px\" \/><\/figure>\n\n\n\n<figure class=\"wp-block-image size-large\"><img loading=\"lazy\" decoding=\"async\" width=\"1024\" height=\"768\" src=\"https:\/\/corrientesdetarde.com\/wp-content\/uploads\/2023\/11\/398920846_671749295062625_8835237289200832984_n-1024x768.jpg\" alt=\"\" class=\"wp-image-100348\" srcset=\"https:\/\/corrientesdetarde.com\/wp-content\/uploads\/2023\/11\/398920846_671749295062625_8835237289200832984_n-1024x768.jpg 1024w, https:\/\/corrientesdetarde.com\/wp-content\/uploads\/2023\/11\/398920846_671749295062625_8835237289200832984_n-300x225.jpg 300w, https:\/\/corrientesdetarde.com\/wp-content\/uploads\/2023\/11\/398920846_671749295062625_8835237289200832984_n-768x576.jpg 768w, https:\/\/corrientesdetarde.com\/wp-content\/uploads\/2023\/11\/398920846_671749295062625_8835237289200832984_n-1536x1152.jpg 1536w, https:\/\/corrientesdetarde.com\/wp-content\/uploads\/2023\/11\/398920846_671749295062625_8835237289200832984_n.jpg 2048w\" sizes=\"auto, (max-width: 1024px) 100vw, 1024px\" \/><\/figure>\n\n\n\n<figure class=\"wp-block-image size-large\"><img loading=\"lazy\" decoding=\"async\" width=\"1024\" height=\"768\" src=\"https:\/\/corrientesdetarde.com\/wp-content\/uploads\/2023\/11\/398933048_671749888395899_8725579671803432617_n-1024x768.jpg\" alt=\"\" class=\"wp-image-100349\" srcset=\"https:\/\/corrientesdetarde.com\/wp-content\/uploads\/2023\/11\/398933048_671749888395899_8725579671803432617_n-1024x768.jpg 1024w, https:\/\/corrientesdetarde.com\/wp-content\/uploads\/2023\/11\/398933048_671749888395899_8725579671803432617_n-300x225.jpg 300w, https:\/\/corrientesdetarde.com\/wp-content\/uploads\/2023\/11\/398933048_671749888395899_8725579671803432617_n-768x576.jpg 768w, https:\/\/corrientesdetarde.com\/wp-content\/uploads\/2023\/11\/398933048_671749888395899_8725579671803432617_n-1536x1152.jpg 1536w, https:\/\/corrientesdetarde.com\/wp-content\/uploads\/2023\/11\/398933048_671749888395899_8725579671803432617_n.jpg 2048w\" sizes=\"auto, (max-width: 1024px) 100vw, 1024px\" \/><\/figure>\n\n\n\n<figure class=\"wp-block-image size-large\"><img loading=\"lazy\" decoding=\"async\" width=\"1024\" height=\"768\" src=\"https:\/\/corrientesdetarde.com\/wp-content\/uploads\/2023\/11\/398901375_671750331729188_4342256688341569554_n-1-1024x768.jpg\" alt=\"\" class=\"wp-image-100351\" srcset=\"https:\/\/corrientesdetarde.com\/wp-content\/uploads\/2023\/11\/398901375_671750331729188_4342256688341569554_n-1-1024x768.jpg 1024w, https:\/\/corrientesdetarde.com\/wp-content\/uploads\/2023\/11\/398901375_671750331729188_4342256688341569554_n-1-300x225.jpg 300w, https:\/\/corrientesdetarde.com\/wp-content\/uploads\/2023\/11\/398901375_671750331729188_4342256688341569554_n-1-768x576.jpg 768w, https:\/\/corrientesdetarde.com\/wp-content\/uploads\/2023\/11\/398901375_671750331729188_4342256688341569554_n-1-1536x1152.jpg 1536w, https:\/\/corrientesdetarde.com\/wp-content\/uploads\/2023\/11\/398901375_671750331729188_4342256688341569554_n-1.jpg 2048w\" sizes=\"auto, (max-width: 1024px) 100vw, 1024px\" \/><\/figure>\n","protected":false},"excerpt":{"rendered":"<p>Con una jornada de m\u00faltiples ofertas en cuanto a productos artesanales se realizaron las Ferias del Ministerio de Desarrollo Social de la provincia a cargo de Ad\u00e1n Gaya, &nbsp; este&hellip; <\/p>\n","protected":false},"author":8,"featured_media":100347,"comment_status":"closed","ping_status":"open","sticky":false,"template":"","format":"standard","meta":{"footnotes":""},"categories":[22],"tags":[],"class_list":["post-100346","post","type-post","status-publish","format-standard","has-post-thumbnail","hentry","category-eventos"],"_links":{"self":[{"href":"https:\/\/corrientesdetarde.com\/index.php\/wp-json\/wp\/v2\/posts\/100346","targetHints":{"allow":["GET"]}}],"collection":[{"href":"https:\/\/corrientesdetarde.com\/index.php\/wp-json\/wp\/v2\/posts"}],"about":[{"href":"https:\/\/corrientesdetarde.com\/index.php\/wp-json\/wp\/v2\/types\/post"}],"author":[{"embeddable":true,"href":"https:\/\/corrientesdetarde.com\/index.php\/wp-json\/wp\/v2\/users\/8"}],"replies":[{"embeddable":true,"href":"https:\/\/corrientesdetarde.com\/index.php\/wp-json\/wp\/v2\/comments?post=100346"}],"version-history":[{"count":1,"href":"https:\/\/corrientesdetarde.com\/index.php\/wp-json\/wp\/v2\/posts\/100346\/revisions"}],"predecessor-version":[{"id":100352,"href":"https:\/\/corrientesdetarde.com\/index.php\/wp-json\/wp\/v2\/posts\/100346\/revisions\/100352"}],"wp:featuredmedia":[{"embeddable":true,"href":"https:\/\/corrientesdetarde.com\/index.php\/wp-json\/wp\/v2\/media\/100347"}],"wp:attachment":[{"href":"https:\/\/corrientesdetarde.com\/index.php\/wp-json\/wp\/v2\/media?parent=100346"}],"wp:term":[{"taxonomy":"category","embeddable":true,"href":"https:\/\/corrientesdetarde.com\/index.php\/wp-json\/wp\/v2\/categories?post=100346"},{"taxonomy":"post_tag","embeddable":true,"href":"https:\/\/corrientesdetarde.com\/index.php\/wp-json\/wp\/v2\/tags?post=100346"}],"curies":[{"name":"wp","href":"https:\/\/api.w.org\/{rel}","templated":true}]}}