{"id":100358,"date":"2023-11-06T20:36:04","date_gmt":"2023-11-06T23:36:04","guid":{"rendered":"https:\/\/corrientesdetarde.com\/?p=100358"},"modified":"2023-11-06T20:36:15","modified_gmt":"2023-11-06T23:36:15","slug":"cientos-de-personas-se-unen-a-una-caravana-de-migrantes-de-mexico-a-eeuu","status":"publish","type":"post","link":"https:\/\/corrientesdetarde.com\/index.php\/internacionales\/cientos-de-personas-se-unen-a-una-caravana-de-migrantes-de-mexico-a-eeuu\/","title":{"rendered":"Cientos de personas se unen a una caravana de migrantes de M\u00e9xico a EEUU"},"content":{"rendered":"\n<p>El contingente que parti\u00f3 ayer de Tapachula se unir\u00e1 a la que ya inici\u00f3 su marcha hace unos d\u00edas. Creen que ser\u00e1n m\u00e1s de 7.000 personas intentando cruzar la frontera norteamericana.<\/p>\n\n\n\n<p>Una\u00a0caravana de al menos cientos de migrantes\u00a0parti\u00f3 desde la ciudad de Tapachula, en el sur de M\u00e9xico, rumbo a la frontera sur de\u00a0Estados Unidos.<\/p>\n\n\n\n<p>La caravana m\u00e1s peque\u00f1a&nbsp;<strong>planea unirse a otra m\u00e1s grande que parti\u00f3 hace seis d\u00edas y actualmente se encuentra detenida<\/strong>&nbsp;a unas 25 millas al norte en el pueblo de Huixtla.<\/p>\n\n\n\n<p>Los organizadores dijeron que&nbsp;<strong>el primer grupo hab\u00eda aumentado a unas 7.000 personas<\/strong>, mientras que el gobierno del&nbsp;<strong>estado de Chiapas dijo que estimaba el grupo en 3.500 personas.<\/strong><\/p>\n\n\n\n<p>Muchos migrantes huyen de la pobreza y la inestabilidad pol\u00edtica en sus pa\u00edses de origen&nbsp;<strong>como Cuba, El Salvador, Guatemala, Hait\u00ed y especialmente Honduras y Venezuela<\/strong>, seg\u00fan informa la agencia Reuters.<\/p>\n\n\n\n<p>&#8220;Es demasiado tiempo que nos pongan a esperar tres o cuatro meses por la visa humanitaria, para poder viajar por territorio mexicano&#8221;, dijo Selma \u00c1lvarez, una migrante de Venezuela. &#8220;Estamos a merced de los coyotes, de los delincuentes. Nos acompa\u00f1amos todos cuando vamos en la caravana.&nbsp;<strong>Cuando uno es migrante nada es seguro<\/strong>&#8220;, agreg\u00f3.<\/p>\n\n\n\n<p>\u00c1lvarez dijo que el grupo estaba impaciente por llegar a la frontera de Estados Unidos e iniciar el proceso para ingresar al pa\u00eds con citas aseguradas a trav\u00e9s de la aplicaci\u00f3n del gobierno estadounidense, CBP One, y solicitar asilo.<\/p>\n\n\n\n<p>El presidente estadounidense,&nbsp;<strong>Joe Biden<\/strong>, que busca la reelecci\u00f3n el pr\u00f3ximo a\u00f1o, e<strong>st\u00e1 bajo presi\u00f3n para frenar el n\u00famero de personas que cruzan ilegalmente a Estados Unidos desde M\u00e9xico<\/strong>. Durante el largo trayecto, los migrantes enfrentan graves peligros y suelen ser v\u00edctimas de accidentes de tr\u00e1nsito, violaciones, secuestros, entre otros delitos.<\/p>\n\n\n\n<p>Este a\u00f1o, un n\u00famero r\u00e9cord de migrantes ha atravesado el Dari\u00e9n -la peligrosa selva que separa Panam\u00e1 de Colombia- con la intenci\u00f3n de llegar a Estados Unidos.<\/p>\n","protected":false},"excerpt":{"rendered":"<p>El contingente que parti\u00f3 ayer de Tapachula se unir\u00e1 a la que ya inici\u00f3 su marcha hace unos d\u00edas. Creen que ser\u00e1n m\u00e1s de 7.000 personas intentando cruzar la frontera&hellip; <\/p>\n","protected":false},"author":4,"featured_media":100364,"comment_status":"closed","ping_status":"open","sticky":false,"template":"","format":"standard","meta":{"footnotes":""},"categories":[11],"tags":[],"class_list":["post-100358","post","type-post","status-publish","format-standard","has-post-thumbnail","hentry","category-internacionales"],"_links":{"self":[{"href":"https:\/\/corrientesdetarde.com\/index.php\/wp-json\/wp\/v2\/posts\/100358","targetHints":{"allow":["GET"]}}],"collection":[{"href":"https:\/\/corrientesdetarde.com\/index.php\/wp-json\/wp\/v2\/posts"}],"about":[{"href":"https:\/\/corrientesdetarde.com\/index.php\/wp-json\/wp\/v2\/types\/post"}],"author":[{"embeddable":true,"href":"https:\/\/corrientesdetarde.com\/index.php\/wp-json\/wp\/v2\/users\/4"}],"replies":[{"embeddable":true,"href":"https:\/\/corrientesdetarde.com\/index.php\/wp-json\/wp\/v2\/comments?post=100358"}],"version-history":[{"count":1,"href":"https:\/\/corrientesdetarde.com\/index.php\/wp-json\/wp\/v2\/posts\/100358\/revisions"}],"predecessor-version":[{"id":100365,"href":"https:\/\/corrientesdetarde.com\/index.php\/wp-json\/wp\/v2\/posts\/100358\/revisions\/100365"}],"wp:featuredmedia":[{"embeddable":true,"href":"https:\/\/corrientesdetarde.com\/index.php\/wp-json\/wp\/v2\/media\/100364"}],"wp:attachment":[{"href":"https:\/\/corrientesdetarde.com\/index.php\/wp-json\/wp\/v2\/media?parent=100358"}],"wp:term":[{"taxonomy":"category","embeddable":true,"href":"https:\/\/corrientesdetarde.com\/index.php\/wp-json\/wp\/v2\/categories?post=100358"},{"taxonomy":"post_tag","embeddable":true,"href":"https:\/\/corrientesdetarde.com\/index.php\/wp-json\/wp\/v2\/tags?post=100358"}],"curies":[{"name":"wp","href":"https:\/\/api.w.org\/{rel}","templated":true}]}}