{"id":100366,"date":"2023-11-06T20:39:05","date_gmt":"2023-11-06T23:39:05","guid":{"rendered":"https:\/\/corrientesdetarde.com\/?p=100366"},"modified":"2023-11-06T20:39:16","modified_gmt":"2023-11-06T23:39:16","slug":"multitudes-pro-palestinas-intentaron-asaltar-la-base-aerea-que-alberga-a-tropas-estadounidenses-en-turquia","status":"publish","type":"post","link":"https:\/\/corrientesdetarde.com\/index.php\/internacionales\/multitudes-pro-palestinas-intentaron-asaltar-la-base-aerea-que-alberga-a-tropas-estadounidenses-en-turquia\/","title":{"rendered":"Multitudes pro-palestinas intentaron asaltar la base a\u00e9rea que alberga a tropas estadounidenses en Turqu\u00eda"},"content":{"rendered":"\n<p>Desde que comenz\u00f3 la guerra entre Israel y Hamas,\u00a0estallaron protestas en todo el pa\u00eds.\u00a0<\/p>\n\n\n\n<p>La polic\u00eda turca&nbsp;utiliz\u00f3 gases lacrim\u00f3genos y ca\u00f1ones de agua cuando<strong>&nbsp;cientos de&nbsp;personas en una manifestaci\u00f3n pro palestina intentaron asaltar una&nbsp;base a\u00e9rea que alberga a tropas estadounidenses.<\/strong><\/p>\n\n\n\n<p><strong>Turqu\u00eda, que intensific\u00f3 sus cr\u00edticas a Israel a medida que&nbsp;la crisis humanitaria en Gaza empeor\u00f3, apoya una soluci\u00f3n de&nbsp;dos Estados<\/strong>&nbsp;y al mismo tiempo acoge a miembros del grupo militante&nbsp;palestino Hamas.<\/p>\n\n\n\n<p><strong>Desde que comenz\u00f3 la guerra entre Israel y Hamas,&nbsp;estallaron protestas en todo el pa\u00eds.&nbsp;<\/strong><\/p>\n\n\n\n<p>Las im\u00e1genes de las&nbsp;<strong>protestas<\/strong>&nbsp;mostraban a la Polic\u00eda disparando&nbsp;gases lacrim\u00f3genos y utilizando ca\u00f1ones de agua para dispersar a&nbsp;las multitudes que ondeaban banderas turcas y palestinas y&nbsp;coreaban consignas.<\/p>\n\n\n\n<p>Los&nbsp;<strong>manifestantes<\/strong>&nbsp;derribaron barricadas y se enfrentaron con&nbsp;polic\u00edas antidisturbios, inform\u00f3 la agencia de noticias Reuters.&nbsp;<\/p>\n\n\n\n<p>Tambi\u00e9n se vio a los&nbsp;<strong>manifestantes<\/strong>&nbsp;arrojando sillas de&nbsp;pl\u00e1stico, piedras y otros art\u00edculos a la Polic\u00eda, que dispar\u00f3&nbsp;bombas de humo contra la multitud.<\/p>\n\n\n\n<p><strong>El presidente de IHH, Bulent Yildirim, se dirigi\u00f3 a la multitud&nbsp;en Adana y les inst\u00f3 a abstenerse de atacar a la Polic\u00eda.&nbsp;<\/strong><\/p>\n\n\n\n<p><strong>&#8220;Amigos, est\u00e1 mal tirar piedras o hacer cosas similares&nbsp;porque tanto la polic\u00eda como los soldados querr\u00edan ir a Gaza y&nbsp;luchar y lo har\u00e1n cuando llegue el momento. Nuestra ira es enorme.&nbsp; No podemos contenerla. Pero Turqu\u00eda est\u00e1 haciendo lo que puede&#8221;,&nbsp;<\/strong>a\u00f1adi\u00f3.<\/p>\n\n\n\n<p>Pero el referente de&nbsp;<strong>IHH<\/strong>&nbsp;finaliz\u00f3 su manifestaci\u00f3n antes de lo previsto debido que a los enfrentamientos con la Polic\u00eda recrudecieron.<\/p>\n","protected":false},"excerpt":{"rendered":"<p>Desde que comenz\u00f3 la guerra entre Israel y Hamas,\u00a0estallaron protestas en todo el pa\u00eds.\u00a0 La polic\u00eda turca&nbsp;utiliz\u00f3 gases lacrim\u00f3genos y ca\u00f1ones de agua cuando&nbsp;cientos de&nbsp;personas en una manifestaci\u00f3n pro palestina&hellip; <\/p>\n","protected":false},"author":4,"featured_media":100367,"comment_status":"closed","ping_status":"open","sticky":false,"template":"","format":"standard","meta":{"footnotes":""},"categories":[11],"tags":[],"class_list":["post-100366","post","type-post","status-publish","format-standard","has-post-thumbnail","hentry","category-internacionales"],"_links":{"self":[{"href":"https:\/\/corrientesdetarde.com\/index.php\/wp-json\/wp\/v2\/posts\/100366","targetHints":{"allow":["GET"]}}],"collection":[{"href":"https:\/\/corrientesdetarde.com\/index.php\/wp-json\/wp\/v2\/posts"}],"about":[{"href":"https:\/\/corrientesdetarde.com\/index.php\/wp-json\/wp\/v2\/types\/post"}],"author":[{"embeddable":true,"href":"https:\/\/corrientesdetarde.com\/index.php\/wp-json\/wp\/v2\/users\/4"}],"replies":[{"embeddable":true,"href":"https:\/\/corrientesdetarde.com\/index.php\/wp-json\/wp\/v2\/comments?post=100366"}],"version-history":[{"count":1,"href":"https:\/\/corrientesdetarde.com\/index.php\/wp-json\/wp\/v2\/posts\/100366\/revisions"}],"predecessor-version":[{"id":100368,"href":"https:\/\/corrientesdetarde.com\/index.php\/wp-json\/wp\/v2\/posts\/100366\/revisions\/100368"}],"wp:featuredmedia":[{"embeddable":true,"href":"https:\/\/corrientesdetarde.com\/index.php\/wp-json\/wp\/v2\/media\/100367"}],"wp:attachment":[{"href":"https:\/\/corrientesdetarde.com\/index.php\/wp-json\/wp\/v2\/media?parent=100366"}],"wp:term":[{"taxonomy":"category","embeddable":true,"href":"https:\/\/corrientesdetarde.com\/index.php\/wp-json\/wp\/v2\/categories?post=100366"},{"taxonomy":"post_tag","embeddable":true,"href":"https:\/\/corrientesdetarde.com\/index.php\/wp-json\/wp\/v2\/tags?post=100366"}],"curies":[{"name":"wp","href":"https:\/\/api.w.org\/{rel}","templated":true}]}}