{"id":100376,"date":"2023-11-06T20:52:14","date_gmt":"2023-11-06T23:52:14","guid":{"rendered":"https:\/\/corrientesdetarde.com\/?p=100376"},"modified":"2023-11-06T20:52:25","modified_gmt":"2023-11-06T23:52:25","slug":"caso-lolen-marcha-para-exigir-justicia-a-horas-de-la-sentencia-contra-los-guardaparques","status":"publish","type":"post","link":"https:\/\/corrientesdetarde.com\/index.php\/sociales\/caso-lolen-marcha-para-exigir-justicia-a-horas-de-la-sentencia-contra-los-guardaparques\/","title":{"rendered":"Caso Lolen: marcha para exigir justicia a horas de la sentencia contra los guardaparques"},"content":{"rendered":"\n<p>Desde el 30 de octubre al 2 de noviembre se desarroll\u00f3 el juicio oral contra cuatro guardaparques del Lan\u00edn y dos responsables del camping donde cay\u00f3 el \u00e1rbol y aplast\u00f3 a los dos menores.\u00a0<\/p>\n\n\n\n<p>A horas de que se d\u00e9 a conocer la&nbsp;<strong>sentencia contra guardaparques en el caso Lolen<\/strong>, los familiares de las v\u00edctimas realizar\u00e1n una&nbsp;<strong>marcha<\/strong>&nbsp;para exigir justicia en&nbsp;<strong>San Mart\u00edn de los Andes.<\/strong>&nbsp;<\/p>\n\n\n\n<p>Este lunes por la tarde se convoc\u00f3 a un encuentro desde&nbsp;<strong>la rotonda de la YPF del centro hasta la Plaza San Mart\u00edn<\/strong>&nbsp;para<strong>&nbsp;&#8220;acompa\u00f1ar el pedido de justicia&#8221;<\/strong>&nbsp;que se gener\u00f3 desde el inicio del juicio.<\/p>\n\n\n\n<p>Sobre esto \u00faltimo,<strong>&nbsp;desde el 30 de octubre al 2 de noviembre se desarroll\u00f3 en el Tribunal Federal de Neuqu\u00e9n el juicio oral contra cuatro guardaparques del Parque Nacional Lan\u00edn y dos responsables del camping<\/strong>&nbsp;donde cay\u00f3 el \u00e1rbol y aplast\u00f3 a los dos menores.&nbsp;<\/p>\n\n\n\n<p>Este martes 7 de noviembre, a las 16.00, se espera que el tribunal lea la condena contra los responsables a trav\u00e9s de la plataforma&nbsp;<strong>Zoom<\/strong>.<\/p>\n\n\n\n<p>\u201cEs muy importante que como comunidad<strong>&nbsp;podamos unirnos en esta vigilia<\/strong>&nbsp;a la espera de la decisi\u00f3n del Tribunal.&nbsp;<strong>Confiamos que se har\u00e1 justicia<\/strong>, que tendremos un<strong>&nbsp;fallo ejemplar<\/strong>&nbsp;que sentar\u00e1 precedentes para que esto no le vuelva a pasar a ninguna familia\u201d, expresar\u00f3n los familiares.<\/p>\n\n\n\n<p>Lucas, pap\u00e1 de Martina, sostuvo<strong>:&nbsp;\u201cEs una marcha pac\u00edfica para hacer una visibilizaci\u00f3n&nbsp;antes de que los jueces determinen su veredicto&#8221;<\/strong>.<\/p>\n\n\n\n<p>En el banquillo de los acusados est\u00e1n los&nbsp;<strong>guardaparques<\/strong>&nbsp;<strong>Mat\u00edas Iv\u00e1n Encina, Diego Luis Lucca, Juan Ignacio Jones y Mar\u00eda Mercedes Hileman<\/strong>, mientras que los dos&nbsp;<strong>responsables de la concesi\u00f3n del camping son&nbsp;Milena \u00darsula Cheuquepan y Juan Eduardo Delgado Abarz\u00fa<\/strong>a.<\/p>\n\n\n\n<p>Durante los alegatos, la fiscal\u00eda solicit\u00f3<strong>\u00a0tres a\u00f1os de prisi\u00f3n en suspenso.<\/strong><\/p>\n\n\n\n<figure class=\"wp-block-image size-full\"><img loading=\"lazy\" decoding=\"async\" width=\"763\" height=\"426\" src=\"https:\/\/corrientesdetarde.com\/wp-content\/uploads\/2023\/11\/image-114.png\" alt=\"\" class=\"wp-image-100377\" srcset=\"https:\/\/corrientesdetarde.com\/wp-content\/uploads\/2023\/11\/image-114.png 763w, https:\/\/corrientesdetarde.com\/wp-content\/uploads\/2023\/11\/image-114-300x167.png 300w\" sizes=\"auto, (max-width: 763px) 100vw, 763px\" \/><figcaption><em>As\u00ed qued\u00f3 el \u00e1rbol tras caer sobre los dos chicos<\/em><\/figcaption><\/figure>\n\n\n\n<p><\/p>\n\n\n\n<h2 class=\"wp-block-heading\">Caso<\/h2>\n\n\n\n<p>Fue el&nbsp;<strong>1 de enero de 2016<\/strong>&nbsp;cuando&nbsp;<strong>Mat\u00edas Mercanti<\/strong>, de 7 a\u00f1os, y&nbsp;<strong>Martina Sep\u00falveda<\/strong>, de 3, se encontraban con sus familiares&nbsp;acampando cerca de la playa Catritre, en el Parque Nacional Lan\u00edn, en el inicio de a\u00f1o.<\/p>\n\n\n\n<p>Durante el transcurso de la jornada trascendi\u00f3 la triste noticia de que&nbsp;<strong>un \u00e1rbol de 40 metros se desprendi\u00f3 de sus ra\u00edces y cay\u00f3 encima de los dos menores de edad<\/strong>&nbsp;provoc\u00e1ndoles la muerte de forma instant\u00e1nea.<\/p>\n\n\n\n<p>A su vez, otras personas resultaron heridas por estar sobre la zona en cuesti\u00f3n, entre ellas el pap\u00e1 de Mat\u00edas que tuvo fractura de costilla.<\/p>\n","protected":false},"excerpt":{"rendered":"<p>Desde el 30 de octubre al 2 de noviembre se desarroll\u00f3 el juicio oral contra cuatro guardaparques del Lan\u00edn y dos responsables del camping donde cay\u00f3 el \u00e1rbol y aplast\u00f3&hellip; <\/p>\n","protected":false},"author":4,"featured_media":100379,"comment_status":"closed","ping_status":"open","sticky":false,"template":"","format":"standard","meta":{"footnotes":""},"categories":[17],"tags":[],"class_list":["post-100376","post","type-post","status-publish","format-standard","has-post-thumbnail","hentry","category-sociales"],"_links":{"self":[{"href":"https:\/\/corrientesdetarde.com\/index.php\/wp-json\/wp\/v2\/posts\/100376","targetHints":{"allow":["GET"]}}],"collection":[{"href":"https:\/\/corrientesdetarde.com\/index.php\/wp-json\/wp\/v2\/posts"}],"about":[{"href":"https:\/\/corrientesdetarde.com\/index.php\/wp-json\/wp\/v2\/types\/post"}],"author":[{"embeddable":true,"href":"https:\/\/corrientesdetarde.com\/index.php\/wp-json\/wp\/v2\/users\/4"}],"replies":[{"embeddable":true,"href":"https:\/\/corrientesdetarde.com\/index.php\/wp-json\/wp\/v2\/comments?post=100376"}],"version-history":[{"count":1,"href":"https:\/\/corrientesdetarde.com\/index.php\/wp-json\/wp\/v2\/posts\/100376\/revisions"}],"predecessor-version":[{"id":100380,"href":"https:\/\/corrientesdetarde.com\/index.php\/wp-json\/wp\/v2\/posts\/100376\/revisions\/100380"}],"wp:featuredmedia":[{"embeddable":true,"href":"https:\/\/corrientesdetarde.com\/index.php\/wp-json\/wp\/v2\/media\/100379"}],"wp:attachment":[{"href":"https:\/\/corrientesdetarde.com\/index.php\/wp-json\/wp\/v2\/media?parent=100376"}],"wp:term":[{"taxonomy":"category","embeddable":true,"href":"https:\/\/corrientesdetarde.com\/index.php\/wp-json\/wp\/v2\/categories?post=100376"},{"taxonomy":"post_tag","embeddable":true,"href":"https:\/\/corrientesdetarde.com\/index.php\/wp-json\/wp\/v2\/tags?post=100376"}],"curies":[{"name":"wp","href":"https:\/\/api.w.org\/{rel}","templated":true}]}}