{"id":100381,"date":"2023-11-06T21:02:45","date_gmt":"2023-11-07T00:02:45","guid":{"rendered":"https:\/\/corrientesdetarde.com\/?p=100381"},"modified":"2023-11-06T21:02:56","modified_gmt":"2023-11-07T00:02:56","slug":"un-tribunal-ordena-investigar-al-hermano-de-susana-gimenez-por-un-arma-detectada-en-viaje-a-uruguay","status":"publish","type":"post","link":"https:\/\/corrientesdetarde.com\/index.php\/sociales\/un-tribunal-ordena-investigar-al-hermano-de-susana-gimenez-por-un-arma-detectada-en-viaje-a-uruguay\/","title":{"rendered":"Un Tribunal ordena investigar al hermano de Susana Gim\u00e9nez por un arma detectada en viaje a Uruguay"},"content":{"rendered":"\n<p>En diciembre del 2021, Augusto Patricio Gim\u00e9nez Aubert viajaba a Uruguay y en su mochila ten\u00eda un arma de fuego, cuya procedencia es investigada. Fue sobrese\u00eddo por contrabando.<\/p>\n\n\n\n<p>La Sala B de la C\u00e1mara en lo Penal Econ\u00f3mico orden\u00f3 investigar a\u00a0<strong>Augusto Patricio Gim\u00e9nez Aubert<\/strong>, hermano de la conductora televisiva\u00a0<strong>Susana Gim\u00e9nez,<\/strong>\u00a0en relaci\u00f3n a un\u00a0<strong>arma de fuego<\/strong>\u00a0que le descubrieron cuando iba a viajar a Colonia, Uruguay, el 21 de diciembre de 2021.<\/p>\n\n\n\n<p>El arma en cuesti\u00f3n, un&nbsp;<strong>calibre 22 largo,<\/strong>&nbsp;fue descubierto en su mochila por los&nbsp;<strong>controles de scanner.<\/strong>&nbsp;Si bien al principio el caso se inici\u00f3 por&nbsp;<strong>supuesto contrabando,<\/strong>&nbsp;fue desechado pues los acusadores consideraron que&nbsp;<strong>no hubo ardid por parte del hermano de Susana Gim\u00e9nez<\/strong>&nbsp;para evadir los&nbsp;<strong>controles de la PSA.<\/strong><\/p>\n\n\n\n<p>Para la fiscal\u00eda, hay m\u00e9rito para investigar la&nbsp;<strong>supuesta irregularidad en la tenencia del arma de fuego<\/strong>&nbsp;sobre la cual, el hermano de Susana Gim\u00e9nez no dio las explicaciones correspondientes.<\/p>\n\n\n\n<p>El hermano de la diva hab\u00eda sido sobrese\u00eddo en primera instancia pero apel\u00f3 y ahora resolvi\u00f3 una instancia superior que lo somete a investigaci\u00f3n.<\/p>\n\n\n\n<p>Ante ello,<strong>&nbsp;la Sala B de la C\u00e1mara en lo Penal Econ\u00f3mico revoc\u00f3 la decisi\u00f3n de la primera instancia<\/strong>&nbsp;y a partir de ello se habilita a investigar al hermano de la conductora en funci\u00f3n de ese&nbsp;<strong>arma de fuego<\/strong>, cuya procedencia ahora se investigar\u00e1 en otro fuero que sea competente para ello.<\/p>\n","protected":false},"excerpt":{"rendered":"<p>En diciembre del 2021, Augusto Patricio Gim\u00e9nez Aubert viajaba a Uruguay y en su mochila ten\u00eda un arma de fuego, cuya procedencia es investigada. Fue sobrese\u00eddo por contrabando. La Sala&hellip; <\/p>\n","protected":false},"author":4,"featured_media":100382,"comment_status":"closed","ping_status":"open","sticky":false,"template":"","format":"standard","meta":{"footnotes":""},"categories":[17],"tags":[],"class_list":["post-100381","post","type-post","status-publish","format-standard","has-post-thumbnail","hentry","category-sociales"],"_links":{"self":[{"href":"https:\/\/corrientesdetarde.com\/index.php\/wp-json\/wp\/v2\/posts\/100381","targetHints":{"allow":["GET"]}}],"collection":[{"href":"https:\/\/corrientesdetarde.com\/index.php\/wp-json\/wp\/v2\/posts"}],"about":[{"href":"https:\/\/corrientesdetarde.com\/index.php\/wp-json\/wp\/v2\/types\/post"}],"author":[{"embeddable":true,"href":"https:\/\/corrientesdetarde.com\/index.php\/wp-json\/wp\/v2\/users\/4"}],"replies":[{"embeddable":true,"href":"https:\/\/corrientesdetarde.com\/index.php\/wp-json\/wp\/v2\/comments?post=100381"}],"version-history":[{"count":1,"href":"https:\/\/corrientesdetarde.com\/index.php\/wp-json\/wp\/v2\/posts\/100381\/revisions"}],"predecessor-version":[{"id":100383,"href":"https:\/\/corrientesdetarde.com\/index.php\/wp-json\/wp\/v2\/posts\/100381\/revisions\/100383"}],"wp:featuredmedia":[{"embeddable":true,"href":"https:\/\/corrientesdetarde.com\/index.php\/wp-json\/wp\/v2\/media\/100382"}],"wp:attachment":[{"href":"https:\/\/corrientesdetarde.com\/index.php\/wp-json\/wp\/v2\/media?parent=100381"}],"wp:term":[{"taxonomy":"category","embeddable":true,"href":"https:\/\/corrientesdetarde.com\/index.php\/wp-json\/wp\/v2\/categories?post=100381"},{"taxonomy":"post_tag","embeddable":true,"href":"https:\/\/corrientesdetarde.com\/index.php\/wp-json\/wp\/v2\/tags?post=100381"}],"curies":[{"name":"wp","href":"https:\/\/api.w.org\/{rel}","templated":true}]}}