{"id":100384,"date":"2023-11-06T21:11:09","date_gmt":"2023-11-07T00:11:09","guid":{"rendered":"https:\/\/corrientesdetarde.com\/?p=100384"},"modified":"2023-11-06T21:11:12","modified_gmt":"2023-11-07T00:11:12","slug":"ezeiza-detuvieron-a-un-sospechoso-por-el-crimen-del-policia","status":"publish","type":"post","link":"https:\/\/corrientesdetarde.com\/index.php\/policiales\/ezeiza-detuvieron-a-un-sospechoso-por-el-crimen-del-policia\/","title":{"rendered":"Ezeiza: detuvieron a un sospechoso por el crimen del polic\u00eda"},"content":{"rendered":"\n<p>El arrestado utilizaba carec\u00eda de una de sus piernas y utilizaba una pr\u00f3tesis.<\/p>\n\n\n\n<p><strong>Un hombre con discapacidad por carecer de una pierna fue detenido como sospechoso de haber participado en\u00a0el crimen de un polic\u00eda<\/strong>, ocurrido durante un presunto intento de asalto en el partido bonaerense de Ezeiza.<\/p>\n\n\n\n<p>La detenci\u00f3n se llev\u00f3 a cabo en las \u00faltimas horas en torno a la investigaci\u00f3n del asesinato del polic\u00eda<strong>&nbsp;Leandro Lezcano,<\/strong>&nbsp;en el marco de tres allanamientos realizados por efectivos de la Departamental Ezeiza en el que tambi\u00e9n se buscaba a&nbsp;<strong>un segundo sospechoso, el cual permanec\u00eda pr\u00f3fugo.<\/strong><\/p>\n\n\n\n<p>En el momento del arresto, seg\u00fan indicaron voceros policiales a&nbsp;<strong>Noticias Argentinas<\/strong>, el hombre detenido utilizaba una pr\u00f3tesis en una de sus piernas.<\/p>\n\n\n\n<p>El s\u00e1bado pasado por la noche, Lezcano, de 27 a\u00f1os,&nbsp;<strong>fue atacado a balazos<\/strong>&nbsp;por dos hombres que habr\u00edan intentado robar la camioneta Toyota Hilux en el que se encontraba con otros dos compa\u00f1eros de la fuerza, todos ellos con ropa de civil.<\/p>\n\n\n\n<p>Lezcano intent\u00f3 accionar su arma reglamentaria cuando fue abordado por los delincuentes, que hab\u00edan bajado de un auto, en el momento en el que se encontraba en el asiento del acompa\u00f1ante de la camioneta.<\/p>\n","protected":false},"excerpt":{"rendered":"<p>El arrestado utilizaba carec\u00eda de una de sus piernas y utilizaba una pr\u00f3tesis. Un hombre con discapacidad por carecer de una pierna fue detenido como sospechoso de haber participado en\u00a0el&hellip; <\/p>\n","protected":false},"author":4,"featured_media":100385,"comment_status":"closed","ping_status":"open","sticky":false,"template":"","format":"standard","meta":{"footnotes":""},"categories":[33],"tags":[],"class_list":["post-100384","post","type-post","status-publish","format-standard","has-post-thumbnail","hentry","category-policiales"],"_links":{"self":[{"href":"https:\/\/corrientesdetarde.com\/index.php\/wp-json\/wp\/v2\/posts\/100384","targetHints":{"allow":["GET"]}}],"collection":[{"href":"https:\/\/corrientesdetarde.com\/index.php\/wp-json\/wp\/v2\/posts"}],"about":[{"href":"https:\/\/corrientesdetarde.com\/index.php\/wp-json\/wp\/v2\/types\/post"}],"author":[{"embeddable":true,"href":"https:\/\/corrientesdetarde.com\/index.php\/wp-json\/wp\/v2\/users\/4"}],"replies":[{"embeddable":true,"href":"https:\/\/corrientesdetarde.com\/index.php\/wp-json\/wp\/v2\/comments?post=100384"}],"version-history":[{"count":1,"href":"https:\/\/corrientesdetarde.com\/index.php\/wp-json\/wp\/v2\/posts\/100384\/revisions"}],"predecessor-version":[{"id":100386,"href":"https:\/\/corrientesdetarde.com\/index.php\/wp-json\/wp\/v2\/posts\/100384\/revisions\/100386"}],"wp:featuredmedia":[{"embeddable":true,"href":"https:\/\/corrientesdetarde.com\/index.php\/wp-json\/wp\/v2\/media\/100385"}],"wp:attachment":[{"href":"https:\/\/corrientesdetarde.com\/index.php\/wp-json\/wp\/v2\/media?parent=100384"}],"wp:term":[{"taxonomy":"category","embeddable":true,"href":"https:\/\/corrientesdetarde.com\/index.php\/wp-json\/wp\/v2\/categories?post=100384"},{"taxonomy":"post_tag","embeddable":true,"href":"https:\/\/corrientesdetarde.com\/index.php\/wp-json\/wp\/v2\/tags?post=100384"}],"curies":[{"name":"wp","href":"https:\/\/api.w.org\/{rel}","templated":true}]}}