{"id":100469,"date":"2023-11-07T09:24:00","date_gmt":"2023-11-07T12:24:00","guid":{"rendered":"https:\/\/corrientesdetarde.com\/?p=100469"},"modified":"2023-11-07T09:24:12","modified_gmt":"2023-11-07T12:24:12","slug":"tragedia-de-los-hermanos-saforcada-en-chaco-los-minutos-previos-al-drama","status":"publish","type":"post","link":"https:\/\/corrientesdetarde.com\/index.php\/policiales\/tragedia-de-los-hermanos-saforcada-en-chaco-los-minutos-previos-al-drama\/","title":{"rendered":"Tragedia de los hermanos Saforcada en Chaco: Los minutos previos al drama"},"content":{"rendered":"\n<p>&#8220;Eran dos empresarios que, m\u00e1s all\u00e1 de su participaci\u00f3n activa en lo que tiene que ver con medios de comunicaci\u00f3n, tambi\u00e9n hab\u00edan formado parte de la C\u00e1mara de Comercio de Resistencia y otras entidades sociales de la C\u00e1mara de Resistencia. Y el hecho realmente fue tr\u00e1gico desde todo punto de vista&#8221;, empez\u00f3 contando Minich a Radio Dos.<\/p>\n\n\n\n<figure class=\"wp-block-image\"><img decoding=\"async\" src=\"https:\/\/www.radiodos.com.ar\/content\/bucket\/5\/214885w770h387c.jpg.webp\" alt=\"\"\/><\/figure>\n\n\n\n<p>Adem\u00e1s cont\u00f3 que habl\u00f3 con el \u00fanico testigo presencial del hecho. &#8220;Tuve la oportunidad de hablar con David, que es el \u00fanico testigo del hecho. Me contaba que empezaron a hablar entre los tres, la discusi\u00f3n empez\u00f3 por un tema menor. La discusi\u00f3n subi\u00f3 de tono, en un momento Francisco Saforcada, que es el mayor de los hermanos, sali\u00f3 del lugar de la reuni\u00f3n y regres\u00f3 con un arma, y sin mediar una violencia extrema, le dijo &#8220;hasta ac\u00e1 llegamos&#8221;, dispar\u00f3 tres tiros, e inmediatamente se peg\u00f3 un tiro en la cabeza&#8221;, revel\u00f3.&nbsp;<\/p>\n\n\n\n<p>&#8220;Pens\u00e9 que me pegaba un tiro a m\u00ed&#8221;, relat\u00f3 Minich sobre lo que le cont\u00f3 Gauna. &#8220;Lo mir\u00f3 y le estaba por pedir credencia. Era lo primero que se le cruz\u00f3 por la cabeza. Y cuando lo sorprendi\u00f3, tambi\u00e9n se peg\u00f3 un tiro en la cabeza. A partir de ah\u00ed, hab\u00eda todo en un estado de shock. Debi\u00f3 ser atendido justamente por un equipo de emergencia m\u00e9dica.&nbsp; Y a partir de ah\u00ed se fue a la casa y luego reci\u00e9n hoy va a declarar en la fiscal\u00eda. Porque a partir de los testimonios, no solamente de David, sino tambi\u00e9n de empleados que estaban en el lugar, los hechos est\u00e1n bastante claros&#8221;, remarc\u00f3.&nbsp;<\/p>\n","protected":false},"excerpt":{"rendered":"<p>&#8220;Eran dos empresarios que, m\u00e1s all\u00e1 de su participaci\u00f3n activa en lo que tiene que ver con medios de comunicaci\u00f3n, tambi\u00e9n hab\u00edan formado parte de la C\u00e1mara de Comercio de&hellip; <\/p>\n","protected":false},"author":12,"featured_media":100474,"comment_status":"closed","ping_status":"open","sticky":false,"template":"","format":"standard","meta":{"footnotes":""},"categories":[33],"tags":[],"class_list":["post-100469","post","type-post","status-publish","format-standard","has-post-thumbnail","hentry","category-policiales"],"_links":{"self":[{"href":"https:\/\/corrientesdetarde.com\/index.php\/wp-json\/wp\/v2\/posts\/100469","targetHints":{"allow":["GET"]}}],"collection":[{"href":"https:\/\/corrientesdetarde.com\/index.php\/wp-json\/wp\/v2\/posts"}],"about":[{"href":"https:\/\/corrientesdetarde.com\/index.php\/wp-json\/wp\/v2\/types\/post"}],"author":[{"embeddable":true,"href":"https:\/\/corrientesdetarde.com\/index.php\/wp-json\/wp\/v2\/users\/12"}],"replies":[{"embeddable":true,"href":"https:\/\/corrientesdetarde.com\/index.php\/wp-json\/wp\/v2\/comments?post=100469"}],"version-history":[{"count":1,"href":"https:\/\/corrientesdetarde.com\/index.php\/wp-json\/wp\/v2\/posts\/100469\/revisions"}],"predecessor-version":[{"id":100475,"href":"https:\/\/corrientesdetarde.com\/index.php\/wp-json\/wp\/v2\/posts\/100469\/revisions\/100475"}],"wp:featuredmedia":[{"embeddable":true,"href":"https:\/\/corrientesdetarde.com\/index.php\/wp-json\/wp\/v2\/media\/100474"}],"wp:attachment":[{"href":"https:\/\/corrientesdetarde.com\/index.php\/wp-json\/wp\/v2\/media?parent=100469"}],"wp:term":[{"taxonomy":"category","embeddable":true,"href":"https:\/\/corrientesdetarde.com\/index.php\/wp-json\/wp\/v2\/categories?post=100469"},{"taxonomy":"post_tag","embeddable":true,"href":"https:\/\/corrientesdetarde.com\/index.php\/wp-json\/wp\/v2\/tags?post=100469"}],"curies":[{"name":"wp","href":"https:\/\/api.w.org\/{rel}","templated":true}]}}