{"id":100471,"date":"2023-11-07T09:43:26","date_gmt":"2023-11-07T12:43:26","guid":{"rendered":"https:\/\/corrientesdetarde.com\/?p=100471"},"modified":"2023-11-07T09:43:38","modified_gmt":"2023-11-07T12:43:38","slug":"condenaron-a-siete-represores-de-la-dictadura-a-penas-de-4-a-25-anos-de-prision-en-corrientes","status":"publish","type":"post","link":"https:\/\/corrientesdetarde.com\/index.php\/crimen-y-justicia\/condenaron-a-siete-represores-de-la-dictadura-a-penas-de-4-a-25-anos-de-prision-en-corrientes\/","title":{"rendered":"Condenaron a siete represores de la dictadura a penas de 4 a 25 a\u00f1os de prisi\u00f3n en Corrientes"},"content":{"rendered":"\n<p>En una audiencia que fue precedida por una movilizaci\u00f3n de organizaciones de Derechos Humanos, pol\u00edticas, sindicales y de diversos colectivos, el TOF correntino conden\u00f3 a los siete represores como part\u00edcipes necesarios de privaciones ileg\u00edtimas de la libertad cometidas con violencia, aplicaci\u00f3n de tormentos y agravadas por el tiempo, entre otros delitos considerados cr\u00edmenes de lesa humanidad.<\/p>\n\n\n\n<p>En tanto que fueron absueltos el teniente coronel del Ej\u00e9rcito Alfredo Farmache y el comandante principal de Gendarmer\u00eda Abelardo Palma.<br>&nbsp;<br>Asimismo, el Tribunal, integrado por los jueces Ferm\u00edn Ceroleni, Eduardo Ariel Belforte y Juan Manuel Iglesias, dispuso unificar en prisi\u00f3n perpetua, 25 y 18 a\u00f1os de prisi\u00f3n, las penas para Losito, De Marchi y Reynoso, respectivamente, por cargar con condenas por cr\u00edmenes de lesa humanidad en juicios anteriores.<\/p>\n\n\n\n<p>&nbsp;<br>Ninguno de los imputados estuvo presente en la sala de audiencia, sino a trav\u00e9s de videoconferencia.<\/p>\n\n\n\n<p>&#8220;La Fiscal\u00eda en t\u00e9rminos generales est\u00e1 muy conforme con la sentencia porque se ha condenado a siete de los responsables sobre un total de nueve y en el caso de las v\u00edctimas que esperaban alg\u00fan tipo de reparaci\u00f3n y por las que se lleg\u00f3 a juicio, podemos decir que un 90 por ciento de los casos han tenido alg\u00fan condenado&#8221;, dijo a T\u00e9lam el fiscal adjunto Diego Vigay, quien actu\u00f3 junto al fiscal Flavio Ferrini.<\/p>\n\n\n\n<p>Asimismo, el exsubsecretario de Derechos Humanos de Corrientes Pablo Vassel, declar\u00f3 a esta agencia que &#8220;en este momento, frente a tantas voces negacionistas, una resoluci\u00f3n m\u00e1s vuelve nuevamente a demostrarnos la magnitud del terror y espero que esta sentencia, aunque como todas las de su tipo, llega tarde para las v\u00edctimas, sea un poco de alivio para quienes sufrieron y buscaron justicia sin bajar los brazos&#8221;.<br>&nbsp;<br>Y explic\u00f3 que este juicio &#8220;cierra la etapa de investigaci\u00f3n de los cr\u00edmenes m\u00e1s aberrantes que registra la historia de Corrientes que tuvieron como epicentro la VII Brigada de infanter\u00eda y la Jefatura de la Polic\u00eda de la provincia m\u00e1s el escuadr\u00f3n de Gendarmer\u00eda, una perfecta combinaci\u00f3n represiva que azot\u00f3 todo el norte argentino, pues desde esta brigada se dirigi\u00f3 el terrorismo de Chaco, Corrientes, Formosa y Misiones&#8221;.<\/p>\n\n\n\n<p>Por su parte, la sobreviviente Judith Casco, quien fue privada de su libertad junto a una hija de 10 d\u00edas de vida, Guadalupe Arqueros, al t\u00e9rmino de la audiencia dijo a T\u00e9lam que se ha logrado &#8220;la Justicia que nosotros no tuvimos y que los 30.000 tampoco tuvieron, ni la posibilidad de tener un juicio, esto construye la memoria y sigue, porque a donde vayan los iremos a buscar&#8221;.<\/p>\n\n\n\n<p>&nbsp;<br>En tanto que V\u00edctor Hugo Ben\u00edtez, sobreviviente del excentro clandestino de detenci\u00f3n del Regimiento de Infanter\u00eda 9, hoy espacio de memoria, indic\u00f3 que &#8220;me pone muy contento porque se trata de una reivindicaci\u00f3n a los que no est\u00e1n, golpea fuertemente a la impunidad y significa, en el contexto actual, que la memoria es presente porque estamos a las puertas de que pueda volver a suceder con otros formatos ante lo que pueda suceder en las elecciones que m\u00e1s que nunca se debe decidir entre democracia o fascismo&#8221;.<\/p>\n\n\n\n<p>Los fundamentos del fallo dictado hoy ser\u00e1n le\u00eddos el lunes 13 de noviembre en una audiencia convocada a partir de las 17 en el Tribunal correntino. (T\u00e9lam)<\/p>\n","protected":false},"excerpt":{"rendered":"<p>En una audiencia que fue precedida por una movilizaci\u00f3n de organizaciones de Derechos Humanos, pol\u00edticas, sindicales y de diversos colectivos, el TOF correntino conden\u00f3 a los siete represores como part\u00edcipes&hellip; <\/p>\n","protected":false},"author":12,"featured_media":100492,"comment_status":"closed","ping_status":"open","sticky":false,"template":"","format":"standard","meta":{"footnotes":""},"categories":[5],"tags":[],"class_list":["post-100471","post","type-post","status-publish","format-standard","has-post-thumbnail","hentry","category-crimen-y-justicia"],"_links":{"self":[{"href":"https:\/\/corrientesdetarde.com\/index.php\/wp-json\/wp\/v2\/posts\/100471","targetHints":{"allow":["GET"]}}],"collection":[{"href":"https:\/\/corrientesdetarde.com\/index.php\/wp-json\/wp\/v2\/posts"}],"about":[{"href":"https:\/\/corrientesdetarde.com\/index.php\/wp-json\/wp\/v2\/types\/post"}],"author":[{"embeddable":true,"href":"https:\/\/corrientesdetarde.com\/index.php\/wp-json\/wp\/v2\/users\/12"}],"replies":[{"embeddable":true,"href":"https:\/\/corrientesdetarde.com\/index.php\/wp-json\/wp\/v2\/comments?post=100471"}],"version-history":[{"count":1,"href":"https:\/\/corrientesdetarde.com\/index.php\/wp-json\/wp\/v2\/posts\/100471\/revisions"}],"predecessor-version":[{"id":100493,"href":"https:\/\/corrientesdetarde.com\/index.php\/wp-json\/wp\/v2\/posts\/100471\/revisions\/100493"}],"wp:featuredmedia":[{"embeddable":true,"href":"https:\/\/corrientesdetarde.com\/index.php\/wp-json\/wp\/v2\/media\/100492"}],"wp:attachment":[{"href":"https:\/\/corrientesdetarde.com\/index.php\/wp-json\/wp\/v2\/media?parent=100471"}],"wp:term":[{"taxonomy":"category","embeddable":true,"href":"https:\/\/corrientesdetarde.com\/index.php\/wp-json\/wp\/v2\/categories?post=100471"},{"taxonomy":"post_tag","embeddable":true,"href":"https:\/\/corrientesdetarde.com\/index.php\/wp-json\/wp\/v2\/tags?post=100471"}],"curies":[{"name":"wp","href":"https:\/\/api.w.org\/{rel}","templated":true}]}}