{"id":100473,"date":"2023-11-07T09:53:17","date_gmt":"2023-11-07T12:53:17","guid":{"rendered":"https:\/\/corrientesdetarde.com\/?p=100473"},"modified":"2023-11-07T09:54:57","modified_gmt":"2023-11-07T12:54:57","slug":"corrientes-en-confuso-episodio-balearon-el-taller-de-un-chapista-en-el-barrio-libertad","status":"publish","type":"post","link":"https:\/\/corrientesdetarde.com\/index.php\/policiales\/corrientes-en-confuso-episodio-balearon-el-taller-de-un-chapista-en-el-barrio-libertad\/","title":{"rendered":"Corrientes: En confuso episodio, balearon el taller de un chapista en el barrio Libertad"},"content":{"rendered":"\n<p>El atentado se produjo a la madrugada, cuando efectuaron al menos tres disparos desde una camioneta. Horas m\u00e1s tarde la Polic\u00eda encontr\u00f3 al veh\u00edculo y apres\u00f3 al conductor.<\/p>\n\n\n\n<p>El habitante y responsable del emprendimiento estaba en una vivienda contigua desde donde escuch\u00f3 las detonaciones y al salir descubri\u00f3 ser el damnificado, a la vez que algunos vecinos comenzaron a asomarse a la vereda, asustados y en total estado de confusi\u00f3n.<\/p>\n\n\n\n<p>Alrededor de la 1:45, mediante el grupo de alerta vecinal, llamaron a la Polic\u00eda porque los ocupantes de una camioneta atacaron a tiros el frente de un taller de calle Paraguay al 1200.<\/p>\n\n\n\n<p>Autoridades de la comisar\u00eda seccional Tercera intervinieron en forma urgente y poco a poco obtuvieron detalles acerca del veh\u00edculo empleado para cometer el atentado.<\/p>\n\n\n\n<p>Junto a la Direcci\u00f3n de Investigaci\u00f3n de Delitos Complejos e Inform\u00e1ticos (DIDCI) consiguieron contenido de filmaciones de c\u00e1maras de seguridad, privadas como de otras bajo el monitoreo desde la Divisi\u00f3n 911.<\/p>\n\n\n\n<p>Los detectives establecieron que los disparos fueron realizados desde una pick up Toyota Hilux gris en movimiento, cuya chapa patente qued\u00f3 captada en im\u00e1genes.<\/p>\n\n\n\n<p>De esa manera la DIDCI trabaj\u00f3 durante la ma\u00f1ana hasta localizar, antes del mediod\u00eda, a la camioneta buscada en la esquina de avenida Armenia y Chacabuco. All\u00ed detuvieron al conductor, un hombre de 36 a\u00f1os e identificado como Francisco Javier R. Se tratar\u00eda del presunto autor de los disparos y cuyo domicilio legal figura en el barrio Belgrano.<\/p>\n\n\n\n<p><strong>Un 38<\/strong><br>&nbsp;<\/p>\n\n\n\n<p>En el taller de chapa y pintura, la Direcci\u00f3n de Investigaciones Cient\u00edficas y Pericias encontr\u00f3 evidencia importante: restos de tres proyectiles de un arma de fuego calibre .38 sin encamisado.<\/p>\n\n\n\n<p>La Unidad Fiscal de Investigaciones Concretas n\u00famero 3 a cargo de Mar\u00eda Andrea Gonz\u00e1lez dispuso el inicio de una causa de oficio referida al delito de &#8220;abuso de armas&#8221;.<\/p>\n\n\n\n<p>Extraoficialmente trascendi\u00f3 que el ataque a balazos podr\u00eda estar relacionado a un supuesto inconveniente previo, entre un miembro de la familia del chapista y el sospechoso de ocasionar la balacera.<\/p>\n\n\n\n<p>La Polic\u00eda m\u00e1s tarde concret\u00f3 el registro de la vivienda de Francisco R. como de la pick up, la cual permanec\u00eda secuestrada frente a la dependencia de seguridad en calle Santa Fe esquina avenida 3 de Abril.<\/p>\n","protected":false},"excerpt":{"rendered":"<p>El atentado se produjo a la madrugada, cuando efectuaron al menos tres disparos desde una camioneta. Horas m\u00e1s tarde la Polic\u00eda encontr\u00f3 al veh\u00edculo y apres\u00f3 al conductor. El habitante&hellip; <\/p>\n","protected":false},"author":12,"featured_media":100499,"comment_status":"closed","ping_status":"open","sticky":false,"template":"","format":"standard","meta":{"footnotes":""},"categories":[33],"tags":[],"class_list":["post-100473","post","type-post","status-publish","format-standard","has-post-thumbnail","hentry","category-policiales"],"_links":{"self":[{"href":"https:\/\/corrientesdetarde.com\/index.php\/wp-json\/wp\/v2\/posts\/100473","targetHints":{"allow":["GET"]}}],"collection":[{"href":"https:\/\/corrientesdetarde.com\/index.php\/wp-json\/wp\/v2\/posts"}],"about":[{"href":"https:\/\/corrientesdetarde.com\/index.php\/wp-json\/wp\/v2\/types\/post"}],"author":[{"embeddable":true,"href":"https:\/\/corrientesdetarde.com\/index.php\/wp-json\/wp\/v2\/users\/12"}],"replies":[{"embeddable":true,"href":"https:\/\/corrientesdetarde.com\/index.php\/wp-json\/wp\/v2\/comments?post=100473"}],"version-history":[{"count":2,"href":"https:\/\/corrientesdetarde.com\/index.php\/wp-json\/wp\/v2\/posts\/100473\/revisions"}],"predecessor-version":[{"id":100511,"href":"https:\/\/corrientesdetarde.com\/index.php\/wp-json\/wp\/v2\/posts\/100473\/revisions\/100511"}],"wp:featuredmedia":[{"embeddable":true,"href":"https:\/\/corrientesdetarde.com\/index.php\/wp-json\/wp\/v2\/media\/100499"}],"wp:attachment":[{"href":"https:\/\/corrientesdetarde.com\/index.php\/wp-json\/wp\/v2\/media?parent=100473"}],"wp:term":[{"taxonomy":"category","embeddable":true,"href":"https:\/\/corrientesdetarde.com\/index.php\/wp-json\/wp\/v2\/categories?post=100473"},{"taxonomy":"post_tag","embeddable":true,"href":"https:\/\/corrientesdetarde.com\/index.php\/wp-json\/wp\/v2\/tags?post=100473"}],"curies":[{"name":"wp","href":"https:\/\/api.w.org\/{rel}","templated":true}]}}