{"id":100534,"date":"2023-11-07T10:30:59","date_gmt":"2023-11-07T13:30:59","guid":{"rendered":"https:\/\/corrientesdetarde.com\/?p=100534"},"modified":"2023-11-07T10:31:11","modified_gmt":"2023-11-07T13:31:11","slug":"bruce-willis-ya-no-reconoce-a-demi-moore-debido-a-la-demencia-su-memoria-se-desvanecio","status":"publish","type":"post","link":"https:\/\/corrientesdetarde.com\/index.php\/espectaculos\/bruce-willis-ya-no-reconoce-a-demi-moore-debido-a-la-demencia-su-memoria-se-desvanecio\/","title":{"rendered":"Bruce Willis ya no reconoce a Demi Moore debido a la demencia: \u201cSu memoria se desvaneci\u00f3\u201d"},"content":{"rendered":"\n<p>La salud de<strong>Bruce Willis<\/strong>\u00a0est\u00e1 pasando por una fase muy complicada,<strong>\u00a0debido a la\u00a0demencia frontotemporal<\/strong>\u00a0que padece el actor. Seg\u00fan trascendi\u00f3, tras unas vacaciones en Italia, Demi Moore fue a visitar al padre de sus hijas y vivi\u00f3 una situaci\u00f3n complicada.<\/p>\n\n\n\n<p>De acuerdo al medio\u00a0<em>Closer<\/em>, una fuente de la familia asegur\u00f3 que la estrella de<em><strong>\u00a0Duro de matar\u00a0<\/strong><\/em>desconoci\u00f3 por completo a la actriz, una situaci\u00f3n que<strong>\u00a0la impact\u00f3 y conmovi\u00f3 por completo.<\/strong><\/p>\n\n\n\n<p>\u201cSu memoria se desvaneci\u00f3. Demi se dio cuenta de que \u00e9l realmente no la reconoc\u00eda.&nbsp;<strong>Ella no ten\u00eda idea de que \u00e9l hab\u00eda ca\u00eddo tanto<\/strong>\u201d, indic\u00f3 el informante a ese medio. Al parecer, el actor todav\u00eda sabe qui\u00e9nes son sus hijas y su actual esposa,&nbsp;<strong>Emma Heming<\/strong>, seg\u00fan indic\u00f3 esta fuente.<\/p>\n\n\n\n<figure class=\"wp-block-image\"><img decoding=\"async\" src=\"https:\/\/tn.com.ar\/resizer\/ZTHjgZYD0w4kEHSnv-nZ0qPL9h4=\/767x0\/smart\/filters:format(webp)\/cloudfront-us-east-1.images.arcpublishing.com\/artear\/LUOU5HAPJNAIRPNCKLF7XJ5JDM.jpg\" alt=\"Bruce Willis, una de sus hijas y su ex, Demi Moore. (Foto: Instagram\/demimoore).\"\/><figcaption>Bruce Willis, una de sus hijas y su ex, Demi Moore. (Foto: Instagram\/demimoore).<\/figcaption><\/figure>\n\n\n\n<p>La enfermedad que tiene Bruce Willis es&nbsp;<strong>una enfermedad neurodegenerativa<\/strong>&nbsp;que va carcomiendo con el correr del tiempo la capacidad cognitiva de la persona, lo que tiene mucho impacto entre los familiares del afectado y sus seres queridos.<\/p>\n\n\n\n<h2 class=\"wp-block-heading\">La dura definici\u00f3n sobre Bruce Willis que hizo uno de sus grandes amigos<\/h2>\n\n\n\n<p>Hace un par de semanas, uno de los grandes amigos de<strong>&nbsp;Bruce Willis<\/strong>&nbsp;hizo una revelaci\u00f3n que est\u00e1 relacionada con lo que se enfrent\u00f3 Demi Moore esta semana: el actor&nbsp;<strong>ya no puede comunicarse verbalmente<\/strong>&nbsp;con nadie debido a la<strong>&nbsp;progresi\u00f3n de la demencia frontotemporal<\/strong>&nbsp;que sufre.<\/p>\n\n\n\n<p>El comentario de<strong>&nbsp;Glenn Gordon Caron<\/strong>, creador de la serie&nbsp;<em><strong>Luz de Luna<\/strong><\/em>y amigo de Willis, surgi\u00f3 al contar en una entrevista con&nbsp;<em>The Post<\/em>&nbsp;que hasta hace alg\u00fan tiempo pod\u00eda tener di\u00e1logos con el actor,&nbsp;<strong>pero ya no.<\/strong><\/p>\n\n\n\n<p>\u201c<strong>Mi sensaci\u00f3n es que entre uno y tres minutos sabe qui\u00e9n soy.<\/strong>&nbsp;\u00c9l ya no es totalmente verbal. Sol\u00eda ser un lector voraz y ahora no lee. Todas esas habilidades ling\u00fc\u00edsticas ya no las tiene disponibles. Sin embargo, sigue siendo Bruce. Cuando est\u00e1s con \u00e9l, sab\u00e9s que es Bruce y est\u00e1s agradecido de que est\u00e9 all\u00ed,<strong>&nbsp;pero la alegr\u00eda de vivir se le fue<\/strong>\u201d, coment\u00f3.<\/p>\n\n\n\n<figure class=\"wp-block-image\"><img decoding=\"async\" src=\"https:\/\/tn.com.ar\/resizer\/RHDWcSeH6A5YNR1CicqRLtutqSE=\/767x0\/smart\/filters:format(webp)\/cloudfront-us-east-1.images.arcpublishing.com\/artear\/2UMPQ7DMT5GA7LUE4X3AEW23HU.jpg\" alt=\"Bruce Willis junto a sus hijas, su ex Demi Moore y su actual pareja Emma Heming. (Foto: Instagram\/demimoore).\"\/><figcaption>Bruce Willis junto a sus hijas, su ex Demi Moore y su actual pareja Emma Heming. (Foto: Instagram\/demimoore).<\/figcaption><\/figure>\n\n\n\n<p><strong>El realizador&nbsp;<\/strong>fue el primero que le dio una oportunidad de&nbsp;<strong>Bruce Willis,&nbsp;<\/strong>con el personaje del detective&nbsp;<strong>David Addison Jr.&nbsp;<\/strong>en la serie&nbsp;<em>Luz de Luna<\/em>, que protagonizaba junto a&nbsp;<strong>Cybill Shepherd<\/strong>. La ficci\u00f3n fue anterior a&nbsp;<em><strong>Duro de matar<\/strong><\/em>, el film que convirti\u00f3 en una estrella al actor.<\/p>\n\n\n\n<p>La amistad que une al guionista con el actor tiene muchos a\u00f1os y, por eso, est\u00e1 todo el tiempo en l\u00ednea directa con la familia de la estrella. \u201c<strong>Intento hablar con su esposa y tengo una relaci\u00f3n con sus tres hijas m\u00e1s grandes.<\/strong>\u00a0Me esforc\u00e9 mucho por permanecer en su vida. Es una persona extraordinaria\u201d, defini\u00f3.<\/p>\n\n\n\n<p>Triste por lo que le pasa a su amigo,&nbsp;<strong>Glenn Gordon Caron&nbsp;<\/strong>manifest\u00f3 que \u201cno hay nadie que tenga m\u00e1s alegr\u00eda de vivir\u201d que Willis. \u201cAdoraba despertarse cada ma\u00f1ana y tratar de vivir al m\u00e1ximo. As\u00ed que la idea de que&nbsp;<strong>ahora vea todo a trav\u00e9s de una puerta mosquitera<\/strong>, por as\u00ed decirlo, tiene muy poco sentido. Es realmente un tipo incre\u00edble\u201d, cerr\u00f3.<\/p>\n","protected":false},"excerpt":{"rendered":"<p>La salud deBruce Willis\u00a0est\u00e1 pasando por una fase muy complicada,\u00a0debido a la\u00a0demencia frontotemporal\u00a0que padece el actor. Seg\u00fan trascendi\u00f3, tras unas vacaciones en Italia, Demi Moore fue a visitar al padre&hellip; <\/p>\n","protected":false},"author":12,"featured_media":100541,"comment_status":"closed","ping_status":"open","sticky":false,"template":"","format":"standard","meta":{"footnotes":""},"categories":[19],"tags":[],"class_list":["post-100534","post","type-post","status-publish","format-standard","has-post-thumbnail","hentry","category-espectaculos"],"_links":{"self":[{"href":"https:\/\/corrientesdetarde.com\/index.php\/wp-json\/wp\/v2\/posts\/100534","targetHints":{"allow":["GET"]}}],"collection":[{"href":"https:\/\/corrientesdetarde.com\/index.php\/wp-json\/wp\/v2\/posts"}],"about":[{"href":"https:\/\/corrientesdetarde.com\/index.php\/wp-json\/wp\/v2\/types\/post"}],"author":[{"embeddable":true,"href":"https:\/\/corrientesdetarde.com\/index.php\/wp-json\/wp\/v2\/users\/12"}],"replies":[{"embeddable":true,"href":"https:\/\/corrientesdetarde.com\/index.php\/wp-json\/wp\/v2\/comments?post=100534"}],"version-history":[{"count":1,"href":"https:\/\/corrientesdetarde.com\/index.php\/wp-json\/wp\/v2\/posts\/100534\/revisions"}],"predecessor-version":[{"id":100542,"href":"https:\/\/corrientesdetarde.com\/index.php\/wp-json\/wp\/v2\/posts\/100534\/revisions\/100542"}],"wp:featuredmedia":[{"embeddable":true,"href":"https:\/\/corrientesdetarde.com\/index.php\/wp-json\/wp\/v2\/media\/100541"}],"wp:attachment":[{"href":"https:\/\/corrientesdetarde.com\/index.php\/wp-json\/wp\/v2\/media?parent=100534"}],"wp:term":[{"taxonomy":"category","embeddable":true,"href":"https:\/\/corrientesdetarde.com\/index.php\/wp-json\/wp\/v2\/categories?post=100534"},{"taxonomy":"post_tag","embeddable":true,"href":"https:\/\/corrientesdetarde.com\/index.php\/wp-json\/wp\/v2\/tags?post=100534"}],"curies":[{"name":"wp","href":"https:\/\/api.w.org\/{rel}","templated":true}]}}