{"id":100535,"date":"2023-11-07T10:32:54","date_gmt":"2023-11-07T13:32:54","guid":{"rendered":"https:\/\/corrientesdetarde.com\/?p=100535"},"modified":"2023-11-07T10:33:16","modified_gmt":"2023-11-07T13:33:16","slug":"el-dramatico-rescate-de-un-nene-de-cinco-anos-que-cayo-en-un-pozo-ciego-en-el-jardin-de-infantes","status":"publish","type":"post","link":"https:\/\/corrientesdetarde.com\/index.php\/informacion-general\/el-dramatico-rescate-de-un-nene-de-cinco-anos-que-cayo-en-un-pozo-ciego-en-el-jardin-de-infantes\/","title":{"rendered":"El dram\u00e1tico rescate de un nene de cinco a\u00f1os que cay\u00f3 en un pozo ciego en el jard\u00edn de infantes"},"content":{"rendered":"\n<p>Un nene de cinco a\u00f1os cay\u00f3 en un pozo ciego de un jard\u00edn de infantes (Video: eltrece).<\/p>\n\n\n\n<p><strong>Un nene de cinco a\u00f1os protagoniz\u00f3 un dram\u00e1tico momento en un jard\u00edn de infantes<\/strong>&nbsp;ubicado en Claypole, partido de Almirante Brown. Ocurri\u00f3 luego de que cayera en un pozo s\u00e9ptico de cinco metros de profundidad.<\/p>\n\n\n\n<p>Las autoridades del jard\u00edn desconoc\u00edan la existencia del pozo, aunque hab\u00edan notado una peque\u00f1a grieta en el suelo.<strong>\u00a0Cuando Francesco, el nene que termin\u00f3 sufriendo la ca\u00edda, pas\u00f3 por all\u00ed, pis\u00f3 en la zona y el suelo se desplom\u00f3.<\/strong><\/p>\n\n\n\n<p>Lo primero que hicieron&nbsp;<strong>las maestras le tiraron una soga para que pudiese agarrarse de eso<\/strong>&nbsp;y esperar all\u00ed hasta la llegada de los bomberos, quienes finalmente lograron rescataron ileso.<\/p>\n\n\n\n<p>Gabriela, su mam\u00e1, expres\u00f3 que Francesco&nbsp;<strong>\u201cest\u00e1 asustado y no pudo dormir\u201d.&nbsp;<\/strong>La mujer indic\u00f3 que su hijo padece autismo y que, a su manera, relat\u00f3 lo sucedido durante la ma\u00f1ana del lunes.<\/p>\n\n\n\n<figure class=\"wp-block-image\"><img decoding=\"async\" src=\"https:\/\/tn.com.ar\/resizer\/Gs8eL7GW8fDu8y2FSwSq0nr-EtE=\/767x0\/smart\/filters:format(webp)\/cloudfront-us-east-1.images.arcpublishing.com\/artear\/GMWH7CRJWFHYPARYNXVVKY6NGQ.jpg\" alt=\"El nene fue rescatado sano y salvo del pozo (Fotos: capturas eltrece).\"\/><figcaption>El nene fue rescatado sano y salvo del pozo (Fotos: capturas eltrece).<\/figcaption><\/figure>\n\n\n\n<p>\u201cNo pude acercarme porque&nbsp;<strong>el pozo se pod\u00eda desmoronar con \u00e9l adentro.<\/strong>&nbsp;Estaba sostenido por una cuerda y ten\u00edamos miedo de que se le cayera toda la tierra encima\u201d, cont\u00f3 Gabriela.<\/p>\n\n\n\n<p>Luego del rescate, lo trasladaron al hospital para hacerle chequeos y una tomograf\u00eda, mediante la cual&nbsp;<strong>descartaron cualquier tipo de lesi\u00f3n \u00f3sea.<\/strong><\/p>\n\n\n\n<p><strong>\u201cTiene que tomar medicamentos porque el pozo en el que cay\u00f3 puede estar lleno de virus\u201d<\/strong>, agreg\u00f3 su mam\u00e1.<\/p>\n\n\n\n<p>Catalina, la abuela de Francesco, tambi\u00e9n present\u00f3 toda la situaci\u00f3n: \u201c<strong>Fue horrible, no se lo deseo a nadie.<\/strong>&nbsp;Si le pasaba algo a Fran me iba con \u00e9l. Hoy estoy destrozada. No puedo mantenerme en pie. Es mi vida\u201d.<\/p>\n\n\n\n<p>\u201cNo puedo ni respirar, nadie del municipio fue capaz de llamar. Agradecemos a los directivos del jard\u00edn que fueron los \u00fanicos&#8230; Las maestras tienen un sueldo de mierda, as\u00ed que les agradecemos con el alma, porque\u00a0<strong>una de ellas se dio cuenta y le tir\u00f3 una soga, si no se hund\u00eda mi nieto.<\/strong>\u00a0Un \u00e1ngel lo sostuvo\u201d,complet\u00f3 Catalina.<\/p>\n","protected":false},"excerpt":{"rendered":"<p>Un nene de cinco a\u00f1os cay\u00f3 en un pozo ciego de un jard\u00edn de infantes (Video: eltrece). Un nene de cinco a\u00f1os protagoniz\u00f3 un dram\u00e1tico momento en un jard\u00edn de&hellip; <\/p>\n","protected":false},"author":12,"featured_media":100543,"comment_status":"closed","ping_status":"open","sticky":false,"template":"","format":"standard","meta":{"footnotes":""},"categories":[1],"tags":[],"class_list":["post-100535","post","type-post","status-publish","format-standard","has-post-thumbnail","hentry","category-informacion-general"],"_links":{"self":[{"href":"https:\/\/corrientesdetarde.com\/index.php\/wp-json\/wp\/v2\/posts\/100535","targetHints":{"allow":["GET"]}}],"collection":[{"href":"https:\/\/corrientesdetarde.com\/index.php\/wp-json\/wp\/v2\/posts"}],"about":[{"href":"https:\/\/corrientesdetarde.com\/index.php\/wp-json\/wp\/v2\/types\/post"}],"author":[{"embeddable":true,"href":"https:\/\/corrientesdetarde.com\/index.php\/wp-json\/wp\/v2\/users\/12"}],"replies":[{"embeddable":true,"href":"https:\/\/corrientesdetarde.com\/index.php\/wp-json\/wp\/v2\/comments?post=100535"}],"version-history":[{"count":2,"href":"https:\/\/corrientesdetarde.com\/index.php\/wp-json\/wp\/v2\/posts\/100535\/revisions"}],"predecessor-version":[{"id":100546,"href":"https:\/\/corrientesdetarde.com\/index.php\/wp-json\/wp\/v2\/posts\/100535\/revisions\/100546"}],"wp:featuredmedia":[{"embeddable":true,"href":"https:\/\/corrientesdetarde.com\/index.php\/wp-json\/wp\/v2\/media\/100543"}],"wp:attachment":[{"href":"https:\/\/corrientesdetarde.com\/index.php\/wp-json\/wp\/v2\/media?parent=100535"}],"wp:term":[{"taxonomy":"category","embeddable":true,"href":"https:\/\/corrientesdetarde.com\/index.php\/wp-json\/wp\/v2\/categories?post=100535"},{"taxonomy":"post_tag","embeddable":true,"href":"https:\/\/corrientesdetarde.com\/index.php\/wp-json\/wp\/v2\/tags?post=100535"}],"curies":[{"name":"wp","href":"https:\/\/api.w.org\/{rel}","templated":true}]}}