{"id":100536,"date":"2023-11-07T10:35:21","date_gmt":"2023-11-07T13:35:21","guid":{"rendered":"https:\/\/corrientesdetarde.com\/?p=100536"},"modified":"2023-11-07T10:35:32","modified_gmt":"2023-11-07T13:35:32","slug":"las-farmacias-dejaran-de-vender-medicamentos-a-afiliados-de-prepagas-y-obras-sociales-todos-los-detalles","status":"publish","type":"post","link":"https:\/\/corrientesdetarde.com\/index.php\/economia\/las-farmacias-dejaran-de-vender-medicamentos-a-afiliados-de-prepagas-y-obras-sociales-todos-los-detalles\/","title":{"rendered":"Las farmacias dejar\u00e1n de vender medicamentos a afiliados de prepagas y obras sociales: todos los detalles"},"content":{"rendered":"\n<p>El Colegio de Farmac\u00e9uticos (Colfarma) y la Confederaci\u00f3n de Farmacias Bonaerenses (Cafabo) informaron que&nbsp;<strong>restringir\u00e1n la venta de medicamentos a los afiliados de las obras sociales y prepagas&nbsp;<\/strong>debido a&nbsp;<strong>problemas \u201cfinancieros\u201d.<\/strong><\/p>\n\n\n\n<p>Esta nueva medida se suma al \u201chonorario m\u00e9dico \u00e9tico m\u00ednimo\u201d\u00a0<strong>de hasta $6000 tanto a los afiliados a las\u00a0obras sociales como a los de medicina prepaga<\/strong>que fue impulsado por m\u00e1s de 30 asociaciones m\u00e9dicas del pa\u00eds a principios de octubre y al<strong>\u00a0copago desde $3000<\/strong>\u00a0que la Confederaci\u00f3n Unificada Bioqu\u00edmica de la Rep\u00fablica Argentina (CUBRA) confirm\u00f3 ayer que comenzar\u00e1n a cobrar a pacientes de prepagas.<\/p>\n\n\n\n<h2 class=\"wp-block-heading\">Desde cu\u00e1ndo las farmacias dejar\u00e1n de vender medicamentos por prepagas y obras sociales<\/h2>\n\n\n\n<p>De acuerdo a lo informado por estas instituciones,<strong>&nbsp;ya hay comercios donde \u201csuspendieron la dispensa\u201d a causa de la inflaci\u00f3n y la \u201cvolatilidad\u201d de precios&nbsp;<\/strong>que complicaron el funcionamiento de los negocios.<\/p>\n\n\n\n<p>\u201cDesde el mes de agosto el Colegio de Farmac\u00e9uticos de la provincia de Buenos Aires ha enviado varios comunicados a los medios, autoridades sanitarias y administrativas de la provincia para advertir sobre la crisis que podr\u00eda sufrir la atenci\u00f3n de los farmac\u00e9uticos en todo el territorio bonaerense.<strong>&nbsp;Ese momento ya lleg\u00f3<\/strong>\u201d, indicaron en un comunicado desde Colfarma.<\/p>\n\n\n\n<figure class=\"wp-block-image\"><img decoding=\"async\" src=\"https:\/\/tn.com.ar\/resizer\/8u0fgTdrqL-ySAHfZ_OJf4t4Nmo=\/767x0\/smart\/filters:format(webp)\/cloudfront-us-east-1.images.arcpublishing.com\/artear\/MLJNR64QDREYFL5RAFMDKRKTBY.jpg\" alt=\"Las farmacias restringir\u00e1n las ventas de medicamentos a los afiliados de obras sociales y prepagas. (Foto: Agustina Rib\u00f3 \/ TN)\"\/><figcaption>Las farmacias restringir\u00e1n las ventas de medicamentos a los afiliados de obras sociales y prepagas. (Foto: Agustina Rib\u00f3 \/ TN)<\/figcaption><\/figure>\n\n\n\n<h2 class=\"wp-block-heading\">\u00bfPor qu\u00e9 se dejar\u00e1n de vender medicamentos en farmacias para afiliados a obras sociales y prepagas?<\/h2>\n\n\n\n<p>Seg\u00fan explicaron en el comunicado, los locales deben vender al precio actual con el descuento que exigen las prepagas y obras sociales y tras presentar la liquidaci\u00f3n a fin de mes,&nbsp;<strong>cobran la boleta en 60 o 90 d\u00edas.<\/strong><\/p>\n\n\n\n<p>\u201cNo se trata de una maniobra comercial, pol\u00edtica, ni especulativa. Para que nuestros pacientes reciban sus medicamentos, los farmac\u00e9uticos debemos pagarlos en menos de quince d\u00edas. En estas condiciones,\u00a0<strong>no podemos sostener el servicio sanitario que prestamos a millones de bonaerenses\u201d,\u00a0<\/strong>se\u00f1alaron desde la entidad.<\/p>\n\n\n\n<h2 class=\"wp-block-heading\">Para qui\u00e9nes y d\u00f3nde se restringir\u00e1 la venta de medicamentos en farmacias<\/h2>\n\n\n\n<p>Los afiliados a&nbsp;<strong>obras sociales y prepagas de la provincia de Buenos Aires<\/strong>&nbsp;ser\u00e1n quienes sufrir\u00e1n las restricciones a las ventas de medicamentos en farmacias.<\/p>\n\n\n\n<p><strong>Los m\u00e1s afectados son los afiliados de PAMI y IOMA que representan el 70% de la comercializaci\u00f3n<\/strong>. Tras ello, comenz\u00f3 a haber inconvenientes en los mostradores.<\/p>\n\n\n\n<p>\u201cEsto es m\u00e1s que un simple anuncio de la emergencia por la que est\u00e1n pasando las farmacias, como agentes sanitarios no dejaremos de prestar el servicio a los pacientes, pero<strong>&nbsp;ya no podemos brindarles los descuentos o la cobertura al 100% que ofrecen las prepagas y obras sociales\u201d,&nbsp;<\/strong>aclararon desde la entidad.<\/p>\n\n\n\n<p>En el mismo sentido, explicaron que seguir\u00e1n ofreciendo \u201calternativas para superar esta situaci\u00f3n\u201d, pero que notificar\u00e1n \u201cla suspensi\u00f3n del cr\u00e9dito a las obras sociales que adeuden prestaciones\u201d.<\/p>\n\n\n\n<p>Por su parte, Adri\u00e1n Mazza, director ejecutivo de Cafabo, manifest\u00f3 nosotros no podemos cobrar copagos u otra variante para mejorar los precios, que est\u00e1n fijados por nomenclatura y que no podemos ajustar\u201d.<\/p>\n\n\n\n<p>Asimismo, inform\u00f3 que desde hace varios meses que la Federaci\u00f3n Argentina de C\u00e1maras de Farmacias (Facaf) y la Confederaci\u00f3n intentan negociar con PAMI un acortamiento en los plazos de pago, pero que a\u00fan no hubo resultados. \u201cPAMI est\u00e1 al d\u00eda con los pagos, pero sigue registrando ese&nbsp;<strong>desfasaje&nbsp;<\/strong>que licua la rentabilidad\u201d, dicen en Facaf.<\/p>\n\n\n\n<p>Por otra parte, Alejandra G\u00f3mez, presidenta del Colegio provincial destac\u00f3: \u201cEstamos sosteniendo lo que m\u00e1s podemos el sistema porque no queremos dejar a los pacientes sin medicamentos, pero muchas ya no pueden resistir y<strong>&nbsp;dejan de entregar algunos productos\u201d.<\/strong><\/p>\n\n\n\n<p>Tambi\u00e9n indic\u00f3 que IOMA no tiene deudas, pero que paga a 75 d\u00edas de la liquidaci\u00f3n. \u201cTenemos que<strong>&nbsp;modificar los plazos de pagos&nbsp;<\/strong>y eso tambi\u00e9n alcanza a las prepagas\u201d, a\u00f1adi\u00f3 G\u00f3mez.<\/p>\n","protected":false},"excerpt":{"rendered":"<p>El Colegio de Farmac\u00e9uticos (Colfarma) y la Confederaci\u00f3n de Farmacias Bonaerenses (Cafabo) informaron que&nbsp;restringir\u00e1n la venta de medicamentos a los afiliados de las obras sociales y prepagas&nbsp;debido a&nbsp;problemas \u201cfinancieros\u201d. Esta&hellip; <\/p>\n","protected":false},"author":12,"featured_media":100547,"comment_status":"closed","ping_status":"open","sticky":false,"template":"","format":"standard","meta":{"footnotes":""},"categories":[20],"tags":[],"class_list":["post-100536","post","type-post","status-publish","format-standard","has-post-thumbnail","hentry","category-economia"],"_links":{"self":[{"href":"https:\/\/corrientesdetarde.com\/index.php\/wp-json\/wp\/v2\/posts\/100536","targetHints":{"allow":["GET"]}}],"collection":[{"href":"https:\/\/corrientesdetarde.com\/index.php\/wp-json\/wp\/v2\/posts"}],"about":[{"href":"https:\/\/corrientesdetarde.com\/index.php\/wp-json\/wp\/v2\/types\/post"}],"author":[{"embeddable":true,"href":"https:\/\/corrientesdetarde.com\/index.php\/wp-json\/wp\/v2\/users\/12"}],"replies":[{"embeddable":true,"href":"https:\/\/corrientesdetarde.com\/index.php\/wp-json\/wp\/v2\/comments?post=100536"}],"version-history":[{"count":1,"href":"https:\/\/corrientesdetarde.com\/index.php\/wp-json\/wp\/v2\/posts\/100536\/revisions"}],"predecessor-version":[{"id":100548,"href":"https:\/\/corrientesdetarde.com\/index.php\/wp-json\/wp\/v2\/posts\/100536\/revisions\/100548"}],"wp:featuredmedia":[{"embeddable":true,"href":"https:\/\/corrientesdetarde.com\/index.php\/wp-json\/wp\/v2\/media\/100547"}],"wp:attachment":[{"href":"https:\/\/corrientesdetarde.com\/index.php\/wp-json\/wp\/v2\/media?parent=100536"}],"wp:term":[{"taxonomy":"category","embeddable":true,"href":"https:\/\/corrientesdetarde.com\/index.php\/wp-json\/wp\/v2\/categories?post=100536"},{"taxonomy":"post_tag","embeddable":true,"href":"https:\/\/corrientesdetarde.com\/index.php\/wp-json\/wp\/v2\/tags?post=100536"}],"curies":[{"name":"wp","href":"https:\/\/api.w.org\/{rel}","templated":true}]}}