{"id":100612,"date":"2023-11-07T15:04:07","date_gmt":"2023-11-07T18:04:07","guid":{"rendered":"https:\/\/corrientesdetarde.com\/?p=100612"},"modified":"2023-11-07T15:04:19","modified_gmt":"2023-11-07T18:04:19","slug":"tassano-presidio-un-encuentro-de-egresados-de-la-academia-it-con-empresarios-y-camaras-comerciales","status":"publish","type":"post","link":"https:\/\/corrientesdetarde.com\/index.php\/sociales\/tassano-presidio-un-encuentro-de-egresados-de-la-academia-it-con-empresarios-y-camaras-comerciales\/","title":{"rendered":"Tassano presidi\u00f3 un encuentro de egresados de la Academia IT con empresarios y c\u00e1maras comerciales"},"content":{"rendered":"\n<p><em>\u201cHoy, el gran desaf\u00edo de los liderazgos es interpretar a la sociedad y sus demandas\u201d, dijo el intendente en el desayuno conjunto que sirvi\u00f3 para presentar a los j\u00f3venes graduados con perfil en tecnolog\u00eda, del espacio de capacitaci\u00f3n patrocinado por el Municipio. Es un primer acercamiento, con posibilidad de empleo, donde se expusieron conocimientos y experiencias de lo aprendido en la Academia IT con empresas, instituciones de sector p\u00fablico y privado.<br>&nbsp;<\/em><\/p>\n\n\n\n<p>El intendente Eduardo Tassano encabez\u00f3 un desayuno de presentaci\u00f3n de perfiles de la Academia IT Muni Joven, llevado a cabo en la ma\u00f1ana de este martes en la sede de la Federaci\u00f3n Econ\u00f3mica de Corrientes (FEC) con presencia de empresarios e integrantes de entidades del comercio.<br>El encuentro tuvo como principal objetivo acercar a los egresados con perfil en tecnolog\u00eda, sus conocimientos y experiencias, resultado de lo aprendido en la Academia IT (tecnolog\u00eda de la informaci\u00f3n) con empresas, instituciones de sector p\u00fablico y privado. De esa forma tambi\u00e9n abrir un abanico de posibilidades de empleo y beneficios tanto para el joven egresado como para el empresariado.<br>La Academia IT Muni Joven es un programa destinado a j\u00f3venes de entre 18 y 25 a\u00f1os de la ciudad de Corrientes, para formarlos en habilidades t\u00e9cnicas de roles IT y habilidades blandas para el fortalecimiento de la empleabilidad.<br>Con esta actividad, la Municipalidad desarrolla un rol de nexo capacitador para aportar en la generaci\u00f3n de empleo, en este caso particular de j\u00f3venes, y atender la demanda de los distintos sectores de la sociedad.<br>A la vez, acciones municipales de este tipo fortalecen uno de los ejes de la gesti\u00f3n que encabeza Tassano de consolidar a Corrientes como una ciudad de oportunidades y de desarrollo econ\u00f3mico en beneficio de los correntinos y en trabajo mancomunado con la Provincia.<br>Por el Municipio asistieron al encuentro, acompa\u00f1ando a Tassano, el secretario de Coordinaci\u00f3n de Gobierno municipal, Hugo Calvano, y la directora general de Coordinaci\u00f3n de Gobierno, Mar\u00eda Cruz Silvero.<br>Adem\u00e1s, asistieron por TelCo, Manuel Vald\u00e9s, Miguel M\u00e9ndez, Anita Alegre L\u00f3pez y Luisa Esquivel; el vicepresidente de la FEC, Daniel Cassiet; Fabricio Rodr\u00edguez, Fecorr Joven; Virginia Silvero, Globant; Francisco Bosco, del Instituto de Estad\u00edsticas y Datos de la Provincia; Rodrigo Dom\u00ednguez, Polo IT\/Yugoo; Joaqu\u00edn Gandini, Polo IT; Santiago Acevedo, Devlights; Paula Mora, 9 Ideas y Sonia Dolonec y Cecilia N\u00fa\u00f1ez de Modernizaci\u00f3n.<br><br>REVOLUCI\u00d3N DE DATOS<br>En la ocasi\u00f3n, el intendente Eduardo Tassano record\u00f3 c\u00f3mo se fue implementando la modernizaci\u00f3n dentro de la gesti\u00f3n desde fines del 2017 y dijo: \u201cNos propon\u00edamos la modernizaci\u00f3n de la ciudad\u201d ya que \u201cfuimos teniendo varios logros y planteamos acciones dentro del desarrollo econ\u00f3mico que pod\u00edamos aportar como gobierno a la sociedad y a los j\u00f3venes\u201d.<br>\u201cHoy, el gran desaf\u00edo de los liderazgos es interpretar a la sociedad, sus demandas y hacia d\u00f3nde va el mundo y por eso empezamos a trabajar con los j\u00f3venes para ver en qu\u00e9 pod\u00edamos capacitarlos e incentivarlos para su inserci\u00f3n al mundo laboral\u201d, explic\u00f3 Tassano al referirse al objetivo central del programa desarrollado.<br>A su vez, destac\u00f3 a los participantes que buscan aprender e involucrarse en la construcci\u00f3n de una ciudad con crecimiento y oportunidades.<br><br>GOBERNAR CON DATOS<br>Por otro lado, el intendente resalt\u00f3 la expansi\u00f3n de fibra \u00f3ptica en la provincia ya que \u201cesto nos permite apuntalar las acciones dentro de la tecnolog\u00eda\u201d.<br>Asimismo, hizo hincapi\u00e9 que en la gesti\u00f3n inmersa dentro de la cuarta revoluci\u00f3n industrial productiva se debe contemplar que \u201cdebemos gobernar con datos\u201d y \u201ceso modifica la visi\u00f3n de los gobiernos porque la tecnolog\u00eda modifica a la pol\u00edtica y la forma de gobernar y vamos aprendiendo sobre eso\u201d.<br>Para cerrar, Tassano dej\u00f3 en evidencia que la importancia de la implementaci\u00f3n de las nuevas tecnolog\u00edas, tanto en la gesti\u00f3n como en las capacitaciones brindadas a los j\u00f3venes correntinos.<br><br>BALANCE DE LOS ULTIMOS DOS A\u00d1OS<br>Por su parte, el secretario de Coordinaci\u00f3n de Gobierno, Hugo Calvano remarc\u00f3 la importancia de la generaci\u00f3n de redes de trabajo dentro del programa Academia IT Muni Joven. \u201cVemos la participaci\u00f3n activa de los espacios p\u00fablicos y privados donde en los \u00faltimos dos a\u00f1os contamos con m\u00e1s de 200 egresados\u201d.<br>\u201cHoy, la idea fue presentar lo trabajado donde vemos que en el presente como en el futuro la tecnolog\u00eda es la mayor la necesidad\u201d, sostuvo y agreg\u00f3 que desde la Municipalidad buscan \u201cinterpretar lo que nos demanda la ciudadan\u00eda\u201d.<br>En ese sentido, el funcionario municipal apost\u00f3 a las capacitaciones y las vinculaciones de empleabilidad para que los j\u00f3venes tengan oportunidades en su ciudad.<br><br>ROL FORMATIVO<br>La academia de Muni joven brinda formaciones en roles t\u00e9cnicos que la industria IT necesita cubrir, y del cual hay alta demanda de empleados. Adem\u00e1s, realiza talleres en habilidades blandas para potenciar la empleabilidad de los j\u00f3venes que son parte.<br>Actualmente, el Municipio est\u00e1 enfocado en la capacitaci\u00f3n profesional y personal de nuestros j\u00f3venes, a la vez tiene el objetivo de acercarlos a su primera experiencia laboral y lo hace a partir de vivencias que los lleven a visualizarse y realizarse en el mundo del trabajo.<br>Es por esto que se decidi\u00f3 presentar los perfiles de nuestros egresados, seg\u00fan<br>las distintas l\u00edneas de formaci\u00f3n. Y as\u00ed destacar la importancia de poder vincular a las empresas con sus egresados.<\/p>\n\n\n\n<figure class=\"wp-block-embed is-type-video is-provider-youtube wp-block-embed-youtube wp-embed-aspect-16-9 wp-has-aspect-ratio\"><div class=\"wp-block-embed__wrapper\">\n<iframe loading=\"lazy\" title=\"Tassano presidi\u00f3 un encuentro de egresados de la Academia IT con empresarios\" width=\"1110\" height=\"624\" src=\"https:\/\/www.youtube.com\/embed\/0OkM3QvIQic?feature=oembed\" frameborder=\"0\" allow=\"accelerometer; autoplay; clipboard-write; encrypted-media; gyroscope; picture-in-picture; web-share\" allowfullscreen><\/iframe>\n<\/div><\/figure>\n\n\n\n<figure class=\"wp-block-image size-large\"><img loading=\"lazy\" decoding=\"async\" width=\"1024\" height=\"682\" src=\"https:\/\/corrientesdetarde.com\/wp-content\/uploads\/2023\/11\/image-136-1024x682.png\" alt=\"\" class=\"wp-image-100613\" srcset=\"https:\/\/corrientesdetarde.com\/wp-content\/uploads\/2023\/11\/image-136-1024x682.png 1024w, https:\/\/corrientesdetarde.com\/wp-content\/uploads\/2023\/11\/image-136-300x200.png 300w, https:\/\/corrientesdetarde.com\/wp-content\/uploads\/2023\/11\/image-136-768x512.png 768w, https:\/\/corrientesdetarde.com\/wp-content\/uploads\/2023\/11\/image-136.png 1280w\" sizes=\"auto, (max-width: 1024px) 100vw, 1024px\" \/><\/figure>\n\n\n\n<figure class=\"wp-block-image size-large\"><img loading=\"lazy\" decoding=\"async\" width=\"1024\" height=\"682\" src=\"https:\/\/corrientesdetarde.com\/wp-content\/uploads\/2023\/11\/image-138-1024x682.png\" alt=\"\" class=\"wp-image-100615\" srcset=\"https:\/\/corrientesdetarde.com\/wp-content\/uploads\/2023\/11\/image-138-1024x682.png 1024w, https:\/\/corrientesdetarde.com\/wp-content\/uploads\/2023\/11\/image-138-300x200.png 300w, https:\/\/corrientesdetarde.com\/wp-content\/uploads\/2023\/11\/image-138-768x512.png 768w, https:\/\/corrientesdetarde.com\/wp-content\/uploads\/2023\/11\/image-138.png 1280w\" sizes=\"auto, (max-width: 1024px) 100vw, 1024px\" \/><\/figure>\n\n\n\n<figure class=\"wp-block-image size-large\"><img loading=\"lazy\" decoding=\"async\" width=\"1024\" height=\"682\" src=\"https:\/\/corrientesdetarde.com\/wp-content\/uploads\/2023\/11\/image-137-1024x682.png\" alt=\"\" class=\"wp-image-100614\" srcset=\"https:\/\/corrientesdetarde.com\/wp-content\/uploads\/2023\/11\/image-137-1024x682.png 1024w, https:\/\/corrientesdetarde.com\/wp-content\/uploads\/2023\/11\/image-137-300x200.png 300w, https:\/\/corrientesdetarde.com\/wp-content\/uploads\/2023\/11\/image-137-768x512.png 768w, https:\/\/corrientesdetarde.com\/wp-content\/uploads\/2023\/11\/image-137.png 1280w\" sizes=\"auto, (max-width: 1024px) 100vw, 1024px\" \/><\/figure>\n\n\n\n<figure class=\"wp-block-image size-large\"><img loading=\"lazy\" decoding=\"async\" width=\"1024\" height=\"682\" src=\"https:\/\/corrientesdetarde.com\/wp-content\/uploads\/2023\/11\/image-139-1024x682.png\" alt=\"\" class=\"wp-image-100616\" srcset=\"https:\/\/corrientesdetarde.com\/wp-content\/uploads\/2023\/11\/image-139-1024x682.png 1024w, https:\/\/corrientesdetarde.com\/wp-content\/uploads\/2023\/11\/image-139-300x200.png 300w, https:\/\/corrientesdetarde.com\/wp-content\/uploads\/2023\/11\/image-139-768x512.png 768w, https:\/\/corrientesdetarde.com\/wp-content\/uploads\/2023\/11\/image-139.png 1280w\" sizes=\"auto, (max-width: 1024px) 100vw, 1024px\" \/><\/figure>\n\n\n\n<figure class=\"wp-block-image size-large\"><img loading=\"lazy\" decoding=\"async\" width=\"1024\" height=\"682\" src=\"https:\/\/corrientesdetarde.com\/wp-content\/uploads\/2023\/11\/image-140-1024x682.png\" alt=\"\" class=\"wp-image-100617\" srcset=\"https:\/\/corrientesdetarde.com\/wp-content\/uploads\/2023\/11\/image-140-1024x682.png 1024w, https:\/\/corrientesdetarde.com\/wp-content\/uploads\/2023\/11\/image-140-300x200.png 300w, https:\/\/corrientesdetarde.com\/wp-content\/uploads\/2023\/11\/image-140-768x512.png 768w, https:\/\/corrientesdetarde.com\/wp-content\/uploads\/2023\/11\/image-140.png 1280w\" sizes=\"auto, (max-width: 1024px) 100vw, 1024px\" \/><\/figure>\n","protected":false},"excerpt":{"rendered":"<p>\u201cHoy, el gran desaf\u00edo de los liderazgos es interpretar a la sociedad y sus demandas\u201d, dijo el intendente en el desayuno conjunto que sirvi\u00f3 para presentar a los j\u00f3venes graduados&hellip; <\/p>\n","protected":false},"author":8,"featured_media":100615,"comment_status":"closed","ping_status":"open","sticky":false,"template":"","format":"standard","meta":{"footnotes":""},"categories":[17],"tags":[],"class_list":["post-100612","post","type-post","status-publish","format-standard","has-post-thumbnail","hentry","category-sociales"],"_links":{"self":[{"href":"https:\/\/corrientesdetarde.com\/index.php\/wp-json\/wp\/v2\/posts\/100612","targetHints":{"allow":["GET"]}}],"collection":[{"href":"https:\/\/corrientesdetarde.com\/index.php\/wp-json\/wp\/v2\/posts"}],"about":[{"href":"https:\/\/corrientesdetarde.com\/index.php\/wp-json\/wp\/v2\/types\/post"}],"author":[{"embeddable":true,"href":"https:\/\/corrientesdetarde.com\/index.php\/wp-json\/wp\/v2\/users\/8"}],"replies":[{"embeddable":true,"href":"https:\/\/corrientesdetarde.com\/index.php\/wp-json\/wp\/v2\/comments?post=100612"}],"version-history":[{"count":1,"href":"https:\/\/corrientesdetarde.com\/index.php\/wp-json\/wp\/v2\/posts\/100612\/revisions"}],"predecessor-version":[{"id":100618,"href":"https:\/\/corrientesdetarde.com\/index.php\/wp-json\/wp\/v2\/posts\/100612\/revisions\/100618"}],"wp:featuredmedia":[{"embeddable":true,"href":"https:\/\/corrientesdetarde.com\/index.php\/wp-json\/wp\/v2\/media\/100615"}],"wp:attachment":[{"href":"https:\/\/corrientesdetarde.com\/index.php\/wp-json\/wp\/v2\/media?parent=100612"}],"wp:term":[{"taxonomy":"category","embeddable":true,"href":"https:\/\/corrientesdetarde.com\/index.php\/wp-json\/wp\/v2\/categories?post=100612"},{"taxonomy":"post_tag","embeddable":true,"href":"https:\/\/corrientesdetarde.com\/index.php\/wp-json\/wp\/v2\/tags?post=100612"}],"curies":[{"name":"wp","href":"https:\/\/api.w.org\/{rel}","templated":true}]}}