{"id":100620,"date":"2023-11-07T15:26:07","date_gmt":"2023-11-07T18:26:07","guid":{"rendered":"https:\/\/corrientesdetarde.com\/?p=100620"},"modified":"2023-11-07T15:26:13","modified_gmt":"2023-11-07T18:26:13","slug":"massa-se-diferencia-del-kirchnerismo-y-busca-captar-el-voto-rural-es-con-el-campo-nunca-contra-el-campo","status":"publish","type":"post","link":"https:\/\/corrientesdetarde.com\/index.php\/politica\/massa-se-diferencia-del-kirchnerismo-y-busca-captar-el-voto-rural-es-con-el-campo-nunca-contra-el-campo\/","title":{"rendered":"Massa se diferencia del kirchnerismo y busca captar el voto rural: \u201cEs con el campo, nunca contra el campo\u201d"},"content":{"rendered":"\n<p>El ministro de Econom\u00eda y candidato presidencial se reuni\u00f3 este martes con cooperativistas agroindustriales en la provincia de C\u00f3rdoba e intent\u00f3 seducir a los productores. \u201cEmpieza una nueva etapa\u201d, afirm\u00f3. El gobernador Juan Schiaretti cuestion\u00f3 la visita del funcionario nacional.<\/p>\n\n\n\n<p>\u201c<strong>Es con el campo, nunca contra el campo;<\/strong>&nbsp;es con los productores, nunca contra los productores. Empieza una nueva etapa\u201d, asegur\u00f3 el ministro de Econom\u00eda y candidato presidencial de Uni\u00f3n por la Patria,&nbsp;<strong>Sergio Massa,&nbsp;<\/strong>tras una reuni\u00f3n este martes con cooperativistas agroindustriales de la provincia de C\u00f3rdoba.<\/p>\n\n\n\n<p>De este modo, el funcionario intent\u00f3 diferenciarse del kirchnerismo y seducir al voto rural de cara al balotaje del domingo 19 de noviembre, donde se enfrentar\u00e1 al diputado y postulante de La Libertad Avanza,<strong>\u00a0Javier Milei.<\/strong><\/p>\n\n\n\n<p>\u201cEn el peor a\u00f1o de sequ\u00eda de la historia,<strong>\u00a0no hubo un solo tractorazo<\/strong>\u00a0porque fuimos a abrazar a cada productor sin importar c\u00f3mo pensaba y a decirle que est\u00e1bamos al servicio\u201d, enfatiz\u00f3 Massa, acompa\u00f1ado por el secretario de Agricultura,\u00a0<strong>Juan Jos\u00e9 Bahillo,\u00a0<\/strong>durante el encuentro\u201cEl Cooperativismo Agroindustrial en el marco de los 40 a\u00f1os de Democracia\u201d.<\/p>\n\n\n\n<p>En la jornada previa, en di\u00e1logo con los medios, tambi\u00e9n plante\u00f3 la<strong>&nbsp;posibilidad de negociar una quita escalonada de las retenciones a la soja, el trigo y el ma\u00edz&nbsp;<\/strong>en caso de resultar electo.<\/p>\n\n\n\n<p>Adem\u00e1s, el ministro visit\u00f3 este lunes una planta de biocombustibles en R\u00edo Cuarto y anunci\u00f3 que el 20 de noviembre, tras el balotaje, se reglamentar\u00e1 un\u00a0<strong>incremento escalonado del\u00a0corte bioetanol<\/strong><strong>\u00a0en las naftas, que pasar\u00e1 del 12% al 16,8% durante 2024.<\/strong><\/p>\n\n\n\n<p>Ante las cooperativas agropecuarias, Massa volvi\u00f3 a cuestionar el supuesto incremento que tendr\u00edan los combustibles durante una gesti\u00f3n de Milei.<\/p>\n\n\n\n<p>\u201cHablan de liberaci\u00f3n de precios, miren esos tanques de combustible,&nbsp;<strong>de 350 a 800 mangos se ir\u00eda la nafta con precios liberados,<\/strong>&nbsp;cuando todos sabemos que una de las grandes riquezas de la Argentina es ser la cuarta potencia mundial en recurso hidrocarbur\u00edfero, la segunda de gas y la cuarta de combustible l\u00edquidos\u201d, afirm\u00f3 el titular de la cartera econ\u00f3mica.<\/p>\n\n\n\n<figure class=\"wp-block-image\"><img decoding=\"async\" src=\"https:\/\/tn.com.ar\/resizer\/mmwemilQ35n59mtqC4osv-37B1M=\/767x0\/smart\/filters:format(webp)\/cloudfront-us-east-1.images.arcpublishing.com\/artear\/QNE4YRC46FD2NJVCLHNLIFPGSY.jpg\" alt=\"Massa dialog\u00f3 con los cooperativistas del sector l\u00e1cteo. (Foto: ministerio de Econom\u00eda) \"\/><\/figure>\n\n\n\n<h2 class=\"wp-block-heading\">La importancia del voto cordob\u00e9s y las cr\u00edticas de Schiaretti<\/h2>\n\n\n\n<p>En medio de la visita de Massa, el gobernador de C\u00f3rdoba y excandidato presidencial de Hacemos por Nuestro Pa\u00eds,<strong>&nbsp;Juan Schiaretti,<\/strong>&nbsp;critic\u00f3 fuertemente al postulante de Uni\u00f3n por la Patria.<\/p>\n\n\n\n<p>\u201cEl<strong>\u00a0gobierno kirchnerista de Sergio Massa hace que la plata cada vez rinda menos<\/strong>. F\u00edjense que la semana pasada estuvimos sin combustibles, mientras yo estaba en el exterior haciendo gestiones por C\u00f3rdoba. Dec\u00edan que no iban a dar aumentos, y la subieron un 10% a la nafta, esta es la forma que tienen de resolver los problemas\u201d, enfatiz\u00f3.<\/p>\n\n\n\n<p>Schiaretti, quien ser\u00e1 reemplazado por&nbsp;<strong>Mart\u00edn Llayora<\/strong>&nbsp;desde el 10 de diciembre, reforz\u00f3:&nbsp;<strong>\u201cQueremos federalismo todos los d\u00edas del a\u00f1o, no cuando faltan pocos d\u00edas para una elecci\u00f3n\u201d.<\/strong><\/p>\n\n\n\n<figure class=\"wp-block-image\"><img decoding=\"async\" src=\"https:\/\/tn.com.ar\/resizer\/KDN5lEdOhAqyZFkrKxGkS2kDaNk=\/767x0\/smart\/filters:format(webp)\/cloudfront-us-east-1.images.arcpublishing.com\/artear\/3AISW3LTDREOBPABOLICX5KONU.png\" alt=\"Massa busca captar el voto cordob\u00e9s, pero Schiaretti lo volvi\u00f3 a cruzar: &quot;Hizo un desastre econ\u00f3mico&quot;. (Foto: El Doce)\"\/><\/figure>\n\n\n\n<p>\u201c<strong>De nada sirve que vengan a firmarnos a algunos municipios la tarjeta SUBE, unos d\u00edas antes de que sean las elecciones de segunda vuelta<\/strong>, mientras todos los subsidios al transporte se quedan mayoritariamente en el AMBA\u201d, indic\u00f3 en referencia a otro de los anuncios de Massa en la provincia mediterr\u00e1nea. Anteriormente, tambi\u00e9n hab\u00eda cuestionado al ministro de Econom\u00eda por el avance del juicio pol\u00edtica a la Corte Suprema.<\/p>\n\n\n\n<p>Con m\u00e1s de 3 millones de electores,&nbsp;<strong>C\u00f3rdoba es el segundo distrito electoral del pa\u00eds<\/strong>&nbsp;y es un territorio muy adverso para el oficialismo.<\/p>\n\n\n\n<p>De hecho, en las pasadas elecciones presidenciales del 22 de octubre,&nbsp;<strong>Massa qued\u00f3 en el cuarto lugar con apenas el 13,42% de los votos.&nbsp;<\/strong>Mientras que Milei fue el candidato m\u00e1s votado, con un 33,54%.<\/p>\n\n\n\n<p>Incluso,&nbsp;<strong>Milei releg\u00f3 a un segundo lugar a Schiaretti, que alcanz\u00f3 un 29,01% en su propio distrito.<\/strong><\/p>\n\n\n\n<p>A nivel nacional, Schiaretti obtuvo el 6,78% de los sufragios y qued\u00f3 en el cuarto puesto, detr\u00e1s de Patricia Bullrich. Pero los casi 1,8 millones de votos que obtuvo ser\u00e1n claves para definir la segunda vuelta electoral.<\/p>\n","protected":false},"excerpt":{"rendered":"<p>El ministro de Econom\u00eda y candidato presidencial se reuni\u00f3 este martes con cooperativistas agroindustriales en la provincia de C\u00f3rdoba e intent\u00f3 seducir a los productores. \u201cEmpieza una nueva etapa\u201d, afirm\u00f3.&hellip; <\/p>\n","protected":false},"author":8,"featured_media":100621,"comment_status":"closed","ping_status":"open","sticky":false,"template":"","format":"standard","meta":{"footnotes":""},"categories":[3],"tags":[],"class_list":["post-100620","post","type-post","status-publish","format-standard","has-post-thumbnail","hentry","category-politica"],"_links":{"self":[{"href":"https:\/\/corrientesdetarde.com\/index.php\/wp-json\/wp\/v2\/posts\/100620","targetHints":{"allow":["GET"]}}],"collection":[{"href":"https:\/\/corrientesdetarde.com\/index.php\/wp-json\/wp\/v2\/posts"}],"about":[{"href":"https:\/\/corrientesdetarde.com\/index.php\/wp-json\/wp\/v2\/types\/post"}],"author":[{"embeddable":true,"href":"https:\/\/corrientesdetarde.com\/index.php\/wp-json\/wp\/v2\/users\/8"}],"replies":[{"embeddable":true,"href":"https:\/\/corrientesdetarde.com\/index.php\/wp-json\/wp\/v2\/comments?post=100620"}],"version-history":[{"count":1,"href":"https:\/\/corrientesdetarde.com\/index.php\/wp-json\/wp\/v2\/posts\/100620\/revisions"}],"predecessor-version":[{"id":100622,"href":"https:\/\/corrientesdetarde.com\/index.php\/wp-json\/wp\/v2\/posts\/100620\/revisions\/100622"}],"wp:featuredmedia":[{"embeddable":true,"href":"https:\/\/corrientesdetarde.com\/index.php\/wp-json\/wp\/v2\/media\/100621"}],"wp:attachment":[{"href":"https:\/\/corrientesdetarde.com\/index.php\/wp-json\/wp\/v2\/media?parent=100620"}],"wp:term":[{"taxonomy":"category","embeddable":true,"href":"https:\/\/corrientesdetarde.com\/index.php\/wp-json\/wp\/v2\/categories?post=100620"},{"taxonomy":"post_tag","embeddable":true,"href":"https:\/\/corrientesdetarde.com\/index.php\/wp-json\/wp\/v2\/tags?post=100620"}],"curies":[{"name":"wp","href":"https:\/\/api.w.org\/{rel}","templated":true}]}}