{"id":100623,"date":"2023-11-07T15:36:44","date_gmt":"2023-11-07T18:36:44","guid":{"rendered":"https:\/\/corrientesdetarde.com\/?p=100623"},"modified":"2023-11-07T19:53:36","modified_gmt":"2023-11-07T22:53:36","slug":"se-inauguro-el-paseo-del-trabajador-municipal-ustedes-son-parte-de-la-trasformacion-de-la-ciudad-valoro-tassano","status":"publish","type":"post","link":"https:\/\/corrientesdetarde.com\/index.php\/locales\/se-inauguro-el-paseo-del-trabajador-municipal-ustedes-son-parte-de-la-trasformacion-de-la-ciudad-valoro-tassano\/","title":{"rendered":"Se inaugur\u00f3 el Paseo del Trabajador Municipal"},"content":{"rendered":"\n<figure class=\"wp-block-embed is-type-video is-provider-youtube wp-block-embed-youtube wp-embed-aspect-16-9 wp-has-aspect-ratio\"><div class=\"wp-block-embed__wrapper\">\n<iframe loading=\"lazy\" title=\"Inauguraci\u00f3n de Estatuas en Homenaje a Empleados Municipales en el Paseo Arazaty\" width=\"1110\" height=\"624\" src=\"https:\/\/www.youtube.com\/embed\/E37V6QTQ06s?feature=oembed\" frameborder=\"0\" allow=\"accelerometer; autoplay; clipboard-write; encrypted-media; gyroscope; picture-in-picture; web-share\" allowfullscreen><\/iframe>\n<\/div><\/figure>\n\n\n\n<p><em>El intendente encabez\u00f3 el acto en Punta Tacuara, donde se estableci\u00f3 el nuevo circuito con una decena de esculturas que homenajean a los municipales, en la v\u00edspera de su d\u00eda. Las diez obras fueron realizadas en el reciente 4to Encuentro de Escultores \u201cCorrentinos con valor\u201d. Por ordenanza del Concejo se estableci\u00f3 este espacio de homenaje en el principal paseo de Capital.<\/em><\/p>\n\n\n\n<p>En la v\u00edspera del D\u00eda del Empleado Municipal, este martes el intendente Eduardo Tassano dej\u00f3 inaugurado el Paseo del Trabajador Municipal en Punta Tacuara, uno de los sitios centrales de la costanera General Jos\u00e9 de San Mart\u00edn.<br>El acto cont\u00f3 con el acompa\u00f1amiento del vicegobernador, Pedro Braillard Poccard; la presencia del viceintendente, Emilio Lanari; los secretarios municipales de Coordinaci\u00f3n de Gobierno, Hugo Calvano, y de Cultura y Educaci\u00f3n, Jos\u00e9 Sand; dem\u00e1s funcionarios municipales; concejales (en funciones y electos); legisladores provinciales, dirigentes de la Asociaci\u00f3n de Obreros y Empleados Municipales (AOEM), encabezados por su secretario general Rodolfo Medina; trabajadores del Municipio; pastores evang\u00e9licos; vecinos e invitados especiales.<br>Este nuevo sitio homenajea a los municipales con una decena de esculturas que simbolizan las distintas actividades que desarrollan en la Municipalidad, obras que fueron realizadas en el 4to Encuentro de Escultores \u201cCorrentinos con valor\u201d, llevado a cabo a finales de octubre con la organizaci\u00f3n del Municipio.<br>En dicho evento trabajaron, bajo la coordinaci\u00f3n de Daniel Sotelo, Gissella Garc\u00eda (de Uruguay); Juan Carlos Nausneriz (Santa Fe); Sebasti\u00e1n Luis Novak (Chaco); Claudio y Yasimel Kucharzuck (Santa Fe); Beto Svanoti (C\u00f3rdoba), Francisco Aguirre (Buenos Aires), Pablo Miguel Lara (Catamarca) y Daniela Almeida (Corrientes).<br>De esta manera, a trav\u00e9s de una ordenanza municipal, ahora se estableci\u00f3 el nuevo paseo en Punta Tacuara, sobre la avenida costanera, a la altura de calle Carlos Pellegrini, en homenaje a los trabajadores municipales y como nuevo atractivo de la ciudad, tanto para el disfrute de los vecinos y turistas.<br>En la ocasi\u00f3n tambi\u00e9n se descubri\u00f3 una placa especial que establece el espacio de homenaje al trabajador y la trabajadora municipal.<br><br>RECONOCIMIENTO<br>\u201cContamos con diez esculturas que surgieron del encuentro de escultores y que se instalaron en este paseo como una muestra de reconocimiento para el municipal\u201d, comenz\u00f3 diciendo el intendente Eduardo Tassano al referirse a la importancia de las obras ubicadas en Punta Tacuara. \u201cEsta era una deuda pendiente y hoy, el empleado municipal tiene su paseo\u201d, remarc\u00f3.<br>A su vez, hizo hincapi\u00e9 que dichas escultoras est\u00e1n ubicadas en un lugar estrat\u00e9gico de la ciudad para que \u201clos vecinos, los municipales y los turistas pueden ver y conocer la labor de los profesionales que contamos a lo largo de la historia\u201d.<br>En ese sentido, Tassano reconoci\u00f3 que \u201cel trabajador municipal fue art\u00edfice principal de la transformaci\u00f3n de la ciudad\u201d y a la vez, resalt\u00f3 el trabajo articulado con el Gobierno provincial para llevar adelante la transformaci\u00f3n de la capital correntina en varios aspectos.<br>\u201cQueremos una mejora y el desarrollo de Corrientes, y estamos en ese camino\u201d, insisti\u00f3 para luego exponer un especial saludo a los trabajadores que ma\u00f1ana celebrar\u00e1n su d\u00eda. \u201cTenemos que rendirles culto; vemos en estas obras algunas profesiones que ya no est\u00e1n m\u00e1s en el organigrama municipal, pero veremos el recuerdo de todos los trabajadores que cooperaron en cada una de las gestiones\u201d, indic\u00f3.<br>\u201cUstedes son parte de la trasformaci\u00f3n de la ciudad\u201d, valor\u00f3 finalmente Tassano.<br><br>M\u00daSCULO Y CORAZ\u00d3N DE LA GESTI\u00d3N<br>El viceintendente Emilio Lanari destac\u00f3 la iniciativa como in\u00e9dita en el pa\u00eds en el homenaje a los municipales y al respecto remarc\u00f3 a continuaci\u00f3n: \u201cDesde el inicio de la gesti\u00f3n dijimos que los trabajadores municipales iban a ser el m\u00fasculo y el coraz\u00f3n de nuestra gesti\u00f3n comunal. En estos seis a\u00f1os mantuvimos un di\u00e1logo y trabajo arm\u00f3nico con el sector, que fue el que ayud\u00f3 a transformar la ciudad\u201d, acentu\u00f3.<br>\u201cDe esta manera, estamos reivindicando la labor de esta enorme y fabulosa familia municipal, que d\u00eda a d\u00eda nos brinda su experiencia, trabajo y sacrificio en pos de los vecinos, la ciudad y el disfrute de la misma\u201d, valoriz\u00f3 Lanari.<br><br>PATRIMONIO CULTURAL DE LA CIUDAD<br>\u201cCon mucha emoci\u00f3n vemos el resultado del cuarto encuentro de escultores y tambi\u00e9n la decisi\u00f3n municipal de emplazar estas obras en un lugar tan emblem\u00e1tico de Corrientes, como la costanera\u201d, afirm\u00f3 a su turno el secretario de Cultura y Educaci\u00f3n, Jos\u00e9 Sand.<br>\u201cLo logrado por los escultores ha sido de excelencia y hoy todo el mundo ha celebrado y felicitado el trabajo hecho. Sus obras bien representan a los municipales y su labor cotidiana\u201d, asever\u00f3.<br>El funcionario tambi\u00e9n anunci\u00f3: \u201cVamos a seguir embelleciendo la ciudad, generando esculturas y un nuevo encuentro de escultores para plasmar a otros referentes de la ciudad en una nueva etapa. Vamos a seguir enriqueciendo el patrimonio cultura de nuestra ciudad\u201d, concluy\u00f3 Sand.<br><br>AGRADECIMIENTO DE TRABAJADORES Y GREMIO<br>Por su parte, la trabajadora municipal, \u201cGoyi\u201d Ojeda agradeci\u00f3 en el acto a la gesti\u00f3n de Tassano por el paseo \u201cque homenajea a los empleados municipales y por todas las inauguraciones que tenemos en la ciudad\u201d.<br>En ese sentido, record\u00f3 que a lo largo de su vida laboral \u201cpas\u00e9 por varias gestiones municipales y hoy me siento honrada por nuestro d\u00eda\u201d.<br>Posteriormente, el titular de la AOEM, Rodolfo Medina, remarc\u00f3 que las obras son una muestra de \u201creivindicaci\u00f3n para los trabajadores que est\u00e1n y ya no est\u00e1n\u201d y asegur\u00f3 que \u201ctodos los d\u00edas hacemos lo posible para estar al servicio de la comunidad\u201d.<br>\u201cTrabajamos siempre para seguir adelante\u201d, indic\u00f3 finalmente el gremialista.<\/p>\n\n\n\n<figure class=\"wp-block-embed is-type-video is-provider-youtube wp-block-embed-youtube wp-embed-aspect-16-9 wp-has-aspect-ratio\"><div class=\"wp-block-embed__wrapper\">\n<iframe loading=\"lazy\" title=\"Homenaje: Tassano inaugur\u00f3 el Paseo del Trabajador Municipal en Punta Tacuara\" width=\"1110\" height=\"624\" src=\"https:\/\/www.youtube.com\/embed\/hkp3Z5p5V2Y?feature=oembed\" frameborder=\"0\" allow=\"accelerometer; autoplay; clipboard-write; encrypted-media; gyroscope; picture-in-picture; web-share\" allowfullscreen><\/iframe>\n<\/div><\/figure>\n\n\n\n<figure class=\"wp-block-image size-large\"><img loading=\"lazy\" decoding=\"async\" width=\"1024\" height=\"682\" src=\"https:\/\/corrientesdetarde.com\/wp-content\/uploads\/2023\/11\/image-145-1024x682.png\" alt=\"\" class=\"wp-image-100627\" srcset=\"https:\/\/corrientesdetarde.com\/wp-content\/uploads\/2023\/11\/image-145-1024x682.png 1024w, https:\/\/corrientesdetarde.com\/wp-content\/uploads\/2023\/11\/image-145-300x200.png 300w, https:\/\/corrientesdetarde.com\/wp-content\/uploads\/2023\/11\/image-145-768x512.png 768w, https:\/\/corrientesdetarde.com\/wp-content\/uploads\/2023\/11\/image-145.png 1280w\" sizes=\"auto, (max-width: 1024px) 100vw, 1024px\" \/><\/figure>\n\n\n\n<figure class=\"wp-block-image size-full\"><img loading=\"lazy\" decoding=\"async\" width=\"800\" height=\"533\" src=\"https:\/\/corrientesdetarde.com\/wp-content\/uploads\/2023\/11\/image-144.png\" alt=\"\" class=\"wp-image-100626\" srcset=\"https:\/\/corrientesdetarde.com\/wp-content\/uploads\/2023\/11\/image-144.png 800w, https:\/\/corrientesdetarde.com\/wp-content\/uploads\/2023\/11\/image-144-300x200.png 300w, https:\/\/corrientesdetarde.com\/wp-content\/uploads\/2023\/11\/image-144-768x512.png 768w\" sizes=\"auto, (max-width: 800px) 100vw, 800px\" \/><\/figure>\n\n\n\n<figure class=\"wp-block-image size-large\"><img loading=\"lazy\" decoding=\"async\" width=\"1024\" height=\"682\" src=\"https:\/\/corrientesdetarde.com\/wp-content\/uploads\/2023\/11\/image-142-1024x682.png\" alt=\"\" class=\"wp-image-100624\" srcset=\"https:\/\/corrientesdetarde.com\/wp-content\/uploads\/2023\/11\/image-142-1024x682.png 1024w, https:\/\/corrientesdetarde.com\/wp-content\/uploads\/2023\/11\/image-142-300x200.png 300w, https:\/\/corrientesdetarde.com\/wp-content\/uploads\/2023\/11\/image-142-768x512.png 768w, https:\/\/corrientesdetarde.com\/wp-content\/uploads\/2023\/11\/image-142.png 1280w\" sizes=\"auto, (max-width: 1024px) 100vw, 1024px\" \/><\/figure>\n\n\n\n<figure class=\"wp-block-image size-full\"><img loading=\"lazy\" decoding=\"async\" width=\"800\" height=\"533\" src=\"https:\/\/corrientesdetarde.com\/wp-content\/uploads\/2023\/11\/image-143.png\" alt=\"\" class=\"wp-image-100625\" srcset=\"https:\/\/corrientesdetarde.com\/wp-content\/uploads\/2023\/11\/image-143.png 800w, https:\/\/corrientesdetarde.com\/wp-content\/uploads\/2023\/11\/image-143-300x200.png 300w, https:\/\/corrientesdetarde.com\/wp-content\/uploads\/2023\/11\/image-143-768x512.png 768w\" sizes=\"auto, (max-width: 800px) 100vw, 800px\" \/><\/figure>\n\n\n\n<figure class=\"wp-block-image size-large\"><img loading=\"lazy\" decoding=\"async\" width=\"1024\" height=\"682\" src=\"https:\/\/corrientesdetarde.com\/wp-content\/uploads\/2023\/11\/image-146-1024x682.png\" alt=\"\" class=\"wp-image-100628\" srcset=\"https:\/\/corrientesdetarde.com\/wp-content\/uploads\/2023\/11\/image-146-1024x682.png 1024w, https:\/\/corrientesdetarde.com\/wp-content\/uploads\/2023\/11\/image-146-300x200.png 300w, https:\/\/corrientesdetarde.com\/wp-content\/uploads\/2023\/11\/image-146-768x512.png 768w, https:\/\/corrientesdetarde.com\/wp-content\/uploads\/2023\/11\/image-146.png 1280w\" sizes=\"auto, (max-width: 1024px) 100vw, 1024px\" \/><\/figure>\n\n\n\n<figure class=\"wp-block-image size-large\"><img loading=\"lazy\" decoding=\"async\" width=\"1024\" height=\"682\" src=\"https:\/\/corrientesdetarde.com\/wp-content\/uploads\/2023\/11\/image-147-1024x682.png\" alt=\"\" class=\"wp-image-100629\" srcset=\"https:\/\/corrientesdetarde.com\/wp-content\/uploads\/2023\/11\/image-147-1024x682.png 1024w, https:\/\/corrientesdetarde.com\/wp-content\/uploads\/2023\/11\/image-147-300x200.png 300w, https:\/\/corrientesdetarde.com\/wp-content\/uploads\/2023\/11\/image-147-768x512.png 768w, https:\/\/corrientesdetarde.com\/wp-content\/uploads\/2023\/11\/image-147.png 1280w\" sizes=\"auto, (max-width: 1024px) 100vw, 1024px\" \/><\/figure>\n","protected":false},"excerpt":{"rendered":"<p>El intendente encabez\u00f3 el acto en Punta Tacuara, donde se estableci\u00f3 el nuevo circuito con una decena de esculturas que homenajean a los municipales, en la v\u00edspera de su d\u00eda.&hellip; <\/p>\n","protected":false},"author":8,"featured_media":100630,"comment_status":"closed","ping_status":"open","sticky":false,"template":"","format":"standard","meta":{"footnotes":""},"categories":[8,17],"tags":[],"class_list":["post-100623","post","type-post","status-publish","format-standard","has-post-thumbnail","hentry","category-locales","category-sociales"],"_links":{"self":[{"href":"https:\/\/corrientesdetarde.com\/index.php\/wp-json\/wp\/v2\/posts\/100623","targetHints":{"allow":["GET"]}}],"collection":[{"href":"https:\/\/corrientesdetarde.com\/index.php\/wp-json\/wp\/v2\/posts"}],"about":[{"href":"https:\/\/corrientesdetarde.com\/index.php\/wp-json\/wp\/v2\/types\/post"}],"author":[{"embeddable":true,"href":"https:\/\/corrientesdetarde.com\/index.php\/wp-json\/wp\/v2\/users\/8"}],"replies":[{"embeddable":true,"href":"https:\/\/corrientesdetarde.com\/index.php\/wp-json\/wp\/v2\/comments?post=100623"}],"version-history":[{"count":2,"href":"https:\/\/corrientesdetarde.com\/index.php\/wp-json\/wp\/v2\/posts\/100623\/revisions"}],"predecessor-version":[{"id":100692,"href":"https:\/\/corrientesdetarde.com\/index.php\/wp-json\/wp\/v2\/posts\/100623\/revisions\/100692"}],"wp:featuredmedia":[{"embeddable":true,"href":"https:\/\/corrientesdetarde.com\/index.php\/wp-json\/wp\/v2\/media\/100630"}],"wp:attachment":[{"href":"https:\/\/corrientesdetarde.com\/index.php\/wp-json\/wp\/v2\/media?parent=100623"}],"wp:term":[{"taxonomy":"category","embeddable":true,"href":"https:\/\/corrientesdetarde.com\/index.php\/wp-json\/wp\/v2\/categories?post=100623"},{"taxonomy":"post_tag","embeddable":true,"href":"https:\/\/corrientesdetarde.com\/index.php\/wp-json\/wp\/v2\/tags?post=100623"}],"curies":[{"name":"wp","href":"https:\/\/api.w.org\/{rel}","templated":true}]}}