{"id":100632,"date":"2023-11-07T15:40:01","date_gmt":"2023-11-07T18:40:01","guid":{"rendered":"https:\/\/corrientesdetarde.com\/?p=100632"},"modified":"2023-11-07T15:40:14","modified_gmt":"2023-11-07T18:40:14","slug":"salud-realizara-el-2-encuentro-de-la-red-provincial-de-centros-de-lactancia","status":"publish","type":"post","link":"https:\/\/corrientesdetarde.com\/index.php\/bienestar-y-salud\/salud-realizara-el-2-encuentro-de-la-red-provincial-de-centros-de-lactancia\/","title":{"rendered":"Salud realizar\u00e1 el 2\u00b0 Encuentro de la Red Provincial de Centros de Lactancia"},"content":{"rendered":"\n<p>El Ministerio de Salud P\u00fablica, a trav\u00e9s del Banco de Leche Humana del Hospital Materno Neonatal &#8220;Elo\u00edsa Torrent de Vidal&#8221;, realizar\u00e1 el 2\u00b0 Encuentro de la Red Provincial de Centros de Lactancia. Ser\u00e1 el 10 de noviembre en el sal\u00f3n OSDE (Organizaci\u00f3n de Servicios Directos Empresarios), en Irigoyen 371 de la ciudad de Corrientes desde las 8 a 12.30 horas.<\/p>\n\n\n\n<p>En la ocasi\u00f3n, se contar\u00e1 con el doctor Antonio Morilla, como invitado especial. La primera disertaci\u00f3n estar\u00e1 a cargo del coordinador del Banco de Leche Humana de Corrientes, Luis Azula, quien expondr\u00e1: &#8220;Construcci\u00f3n de la Red Provincial de Centros de Lactancia Materna&#8221;.<\/p>\n\n\n\n<p>A las 9, el doctor Morilla expondr\u00e1 &#8220;La hora de oro, una ventana de oportunidades&#8221;. Mientras que a las 10,&nbsp; tendr\u00e1 lugar &#8220;Relatos de experiencias&#8221; a cargo de la Municipalidad de la Capital, la Escuela Regional &#8220;Jos\u00e9 Manuel Estrada&#8221; y Direcci\u00f3n de Atenci\u00f3n Primaria de la Salud del Ministerio de Salud P\u00fablica de Corrientes.<\/p>\n\n\n\n<p>Y, a las 11.15, Morilla expondr\u00e1 &#8220;Alimentaci\u00f3n complementaria oportuna y saludable&#8221;. &#8220;Esta jornada busca afianzar el trabajo de la Red de Centros de Lactancia y de los centros de recolecci\u00f3n de leche humana, que ya cuenta con m\u00e1s de 60 instituciones y m\u00e1s de 200 profesionales en toda la Provincia&#8221;, dijo por su parte Azula y agreg\u00f3 que &#8220;participaran profesionales de Chaco, Misiones y Formosa, con los cuales la Red trabaja de manera articulada en lo que es donaci\u00f3n de leche humana y banco de leche humana&#8221;..<\/p>\n","protected":false},"excerpt":{"rendered":"<p>El Ministerio de Salud P\u00fablica, a trav\u00e9s del Banco de Leche Humana del Hospital Materno Neonatal &#8220;Elo\u00edsa Torrent de Vidal&#8221;, realizar\u00e1 el 2\u00b0 Encuentro de la Red Provincial de Centros&hellip; <\/p>\n","protected":false},"author":8,"featured_media":100633,"comment_status":"closed","ping_status":"open","sticky":false,"template":"","format":"standard","meta":{"footnotes":""},"categories":[16],"tags":[],"class_list":["post-100632","post","type-post","status-publish","format-standard","has-post-thumbnail","hentry","category-bienestar-y-salud"],"_links":{"self":[{"href":"https:\/\/corrientesdetarde.com\/index.php\/wp-json\/wp\/v2\/posts\/100632","targetHints":{"allow":["GET"]}}],"collection":[{"href":"https:\/\/corrientesdetarde.com\/index.php\/wp-json\/wp\/v2\/posts"}],"about":[{"href":"https:\/\/corrientesdetarde.com\/index.php\/wp-json\/wp\/v2\/types\/post"}],"author":[{"embeddable":true,"href":"https:\/\/corrientesdetarde.com\/index.php\/wp-json\/wp\/v2\/users\/8"}],"replies":[{"embeddable":true,"href":"https:\/\/corrientesdetarde.com\/index.php\/wp-json\/wp\/v2\/comments?post=100632"}],"version-history":[{"count":1,"href":"https:\/\/corrientesdetarde.com\/index.php\/wp-json\/wp\/v2\/posts\/100632\/revisions"}],"predecessor-version":[{"id":100634,"href":"https:\/\/corrientesdetarde.com\/index.php\/wp-json\/wp\/v2\/posts\/100632\/revisions\/100634"}],"wp:featuredmedia":[{"embeddable":true,"href":"https:\/\/corrientesdetarde.com\/index.php\/wp-json\/wp\/v2\/media\/100633"}],"wp:attachment":[{"href":"https:\/\/corrientesdetarde.com\/index.php\/wp-json\/wp\/v2\/media?parent=100632"}],"wp:term":[{"taxonomy":"category","embeddable":true,"href":"https:\/\/corrientesdetarde.com\/index.php\/wp-json\/wp\/v2\/categories?post=100632"},{"taxonomy":"post_tag","embeddable":true,"href":"https:\/\/corrientesdetarde.com\/index.php\/wp-json\/wp\/v2\/tags?post=100632"}],"curies":[{"name":"wp","href":"https:\/\/api.w.org\/{rel}","templated":true}]}}