{"id":100649,"date":"2023-11-07T16:50:11","date_gmt":"2023-11-07T19:50:11","guid":{"rendered":"https:\/\/corrientesdetarde.com\/?p=100649"},"modified":"2023-11-07T16:51:03","modified_gmt":"2023-11-07T19:51:03","slug":"espionaje-ilegal-juntos-por-el-cambio-le-pediria-a-la-justicia-el-desafuero-del-diputado-k-rodolfo-tailhade","status":"publish","type":"post","link":"https:\/\/corrientesdetarde.com\/index.php\/politica\/espionaje-ilegal-juntos-por-el-cambio-le-pediria-a-la-justicia-el-desafuero-del-diputado-k-rodolfo-tailhade\/","title":{"rendered":"Espionaje ilegal: Juntos por el Cambio le pedir\u00eda a la Justicia el desafuero del diputado K Rodolfo Tailhade"},"content":{"rendered":"\n<p>El esc\u00e1ndalo que involucra a legisladores y operadores del kirchnerismo impact\u00f3 en la C\u00e1mara Baja, donde el oficialismo busca una \u00faltima sesi\u00f3n antes de la elecci\u00f3n. La coalici\u00f3n opositora realizar\u00e1 una conferencia de prensa a las 18.<\/p>\n\n\n\n<p><a href=\"https:\/\/tn.com.ar\/autor\/sebastianaulicino\/\"><\/a>El esc\u00e1ndalo de presunto espionaje ilegal contra referentes pol\u00edticos, jueces, miembros de la Corte Suprema y empresario, del que habr\u00edan participado operadores y legisladores kirchneristas, peg\u00f3 fuerte en el Congreso. Juntos por el Cambio tiene pensado reclamarle a la Justicia que\u00a0<strong>pida el desafuero del<\/strong> diputado nacional ultraK, Rodolfo Tailhade.\u00a0<\/p>\n\n\n\n<p>En estos momentos, los\u00a0<strong>presidentes de todos los bloques parlamentarios se encuentran reunidos<\/strong>\u00a0con la presidenta de la C\u00e1mara Baja, Cecilia Moreau. El oficialismo buscaba desactivar una sesi\u00f3n solicitada por Javier Milei y el PRO para este Mi\u00e9rcoles\u00a0y, en cambio, sesionar para tratar, como parte de la campa\u00f1a, un proyecto que impulsa Sergio Massa de aumento de financiamiento educativo. En un clima de m\u00e1xima tensi\u00f3n,\u00a0<strong>todo qued\u00f3 en \u201cveremos\u201d.<\/strong><\/p>\n\n\n\n<p>El esc\u00e1ndalo ya hab\u00eda generado impacto parlamentario temprano, cuando el oficialismo decidi\u00f3 levantar de forma abrupta y sin ning\u00fan debate la reuni\u00f3n de comisi\u00f3n de Juicio Pol\u00edtico\u00a0en la que hasta hoy el Frente de Todos buscaba avanzar contra la Corte Suprema. Como integrante de la comisi\u00f3n, Tailhade fue uno de los principales defensores e impulsores del proceso contra el m\u00e1ximo tribunal.<\/p>\n\n\n\n<figure class=\"wp-block-image\"><img decoding=\"async\" src=\"https:\/\/tn.com.ar\/resizer\/0wgFe8Gi1aIl1cYc6kIYbzZMdbM=\/767x0\/smart\/filters:format(webp)\/cloudfront-us-east-1.images.arcpublishing.com\/artear\/TVZBQB4FYZEX5LQVEDX3TWJI24.jpg\" alt=\"El diputado del Frente de Todos Luis Rodolfo Tailhade, uno de los principales impulsores del juicio pol\u00edtico contra la Corte Suprema (Foto: T\u00e9lam).\"\/><\/figure>\n\n\n\n<p>Tras la fisura que provoc\u00f3 la derrota electoral, el caso<strong>&nbsp;le dio a JxC la posibilidad de mostrar \u201cunidad\u201d<\/strong>&nbsp;y el interbloque convoc\u00f3 a una conferencia de prensa para las 18, en la que se solicitar\u00e1 a la Justicia el desafuero de Tailhade, la entrega de su tel\u00e9fono y que la Bicameral de Inteligencia inicie una investigaci\u00f3n, seg\u00fan indicaron fuentes opositoras a este medio.<\/p>\n\n\n\n<p>Por lo pronto, los diputados Cristian Ritondo (titular del PRO) y Miguel Bazze (UCR), con los senadores Ignacio Torres (PRO) y Alfredo Cornejo (titular de JxC en la C\u00e1mara Alta) pidieron una reuni\u00f3n inmediata de la Bicameral de Inteligencia, como miembros de la misma, \u201c<strong>la urgente creaci\u00f3n de una Subcomisi\u00f3n Investigadora\u201d para investigar el caso<\/strong>, y la inhibici\u00f3n de Tailhade -que tambi\u00e9n integra la comisi\u00f3n- de participar.<\/p>\n\n\n\n<p>\u201cPor \u00faltimo, se solicita se requiera al juez de la causa el Dr. Mart\u00ednez&nbsp;<strong>Di<\/strong>&nbsp;<strong>Giorgi<\/strong>, as\u00ed como tambi\u00e9n al fiscal Dr.&nbsp;<strong>Pollicita<\/strong>,&nbsp;<strong>remitir copia de la causa<\/strong>&nbsp;a esta Comisi\u00f3n Bicameral\u201d, agregaron en su pedido los diputados y senadores opositores.<\/p>\n\n\n\n<p>Este lunes, el fiscal orden\u00f3 una serie de\u00a0<strong>allanamientos y pericias<\/strong>\u00a0en la causa de espionaje sobre magistrados, entre los que se encuentran miembros de la Corte. Adem\u00e1s, pidi\u00f3 que se ampl\u00ede la indagatoria al\u00a0<strong>expolic\u00eda detenido Ariel Zanchetta<\/strong>, apuntado como agente inorg\u00e1nico de la Agencia Federal de Inteligencia (AFI) y que seg\u00fan una pericia inform\u00e1tica ten\u00eda contacto asiduo con Tailhade.\u00a0<\/p>\n","protected":false},"excerpt":{"rendered":"<p>El esc\u00e1ndalo que involucra a legisladores y operadores del kirchnerismo impact\u00f3 en la C\u00e1mara Baja, donde el oficialismo busca una \u00faltima sesi\u00f3n antes de la elecci\u00f3n. La coalici\u00f3n opositora realizar\u00e1&hellip; <\/p>\n","protected":false},"author":8,"featured_media":100650,"comment_status":"closed","ping_status":"open","sticky":false,"template":"","format":"standard","meta":{"footnotes":""},"categories":[3],"tags":[],"class_list":["post-100649","post","type-post","status-publish","format-standard","has-post-thumbnail","hentry","category-politica"],"_links":{"self":[{"href":"https:\/\/corrientesdetarde.com\/index.php\/wp-json\/wp\/v2\/posts\/100649","targetHints":{"allow":["GET"]}}],"collection":[{"href":"https:\/\/corrientesdetarde.com\/index.php\/wp-json\/wp\/v2\/posts"}],"about":[{"href":"https:\/\/corrientesdetarde.com\/index.php\/wp-json\/wp\/v2\/types\/post"}],"author":[{"embeddable":true,"href":"https:\/\/corrientesdetarde.com\/index.php\/wp-json\/wp\/v2\/users\/8"}],"replies":[{"embeddable":true,"href":"https:\/\/corrientesdetarde.com\/index.php\/wp-json\/wp\/v2\/comments?post=100649"}],"version-history":[{"count":1,"href":"https:\/\/corrientesdetarde.com\/index.php\/wp-json\/wp\/v2\/posts\/100649\/revisions"}],"predecessor-version":[{"id":100651,"href":"https:\/\/corrientesdetarde.com\/index.php\/wp-json\/wp\/v2\/posts\/100649\/revisions\/100651"}],"wp:featuredmedia":[{"embeddable":true,"href":"https:\/\/corrientesdetarde.com\/index.php\/wp-json\/wp\/v2\/media\/100650"}],"wp:attachment":[{"href":"https:\/\/corrientesdetarde.com\/index.php\/wp-json\/wp\/v2\/media?parent=100649"}],"wp:term":[{"taxonomy":"category","embeddable":true,"href":"https:\/\/corrientesdetarde.com\/index.php\/wp-json\/wp\/v2\/categories?post=100649"},{"taxonomy":"post_tag","embeddable":true,"href":"https:\/\/corrientesdetarde.com\/index.php\/wp-json\/wp\/v2\/tags?post=100649"}],"curies":[{"name":"wp","href":"https:\/\/api.w.org\/{rel}","templated":true}]}}