{"id":100652,"date":"2023-11-07T17:04:38","date_gmt":"2023-11-07T20:04:38","guid":{"rendered":"https:\/\/corrientesdetarde.com\/?p=100652"},"modified":"2023-11-07T17:04:50","modified_gmt":"2023-11-07T20:04:50","slug":"premio-nobel-de-la-paz-disertara-sobre-40-anos-de-democracia-como-cierre-del-curso-de-la-catedra-libre-derechos-humanos-y-participacion-ciudadana","status":"publish","type":"post","link":"https:\/\/corrientesdetarde.com\/index.php\/sociales\/premio-nobel-de-la-paz-disertara-sobre-40-anos-de-democracia-como-cierre-del-curso-de-la-catedra-libre-derechos-humanos-y-participacion-ciudadana\/","title":{"rendered":"Premio Nobel de la Paz disertar\u00e1 sobre 40 a\u00f1os de Democracia como cierre del curso de la C\u00e1tedra Libre Derechos Humanos y Participaci\u00f3n Ciudadana\u00a0"},"content":{"rendered":"\n<p><em>La actividad ser\u00e1 ma\u00f1ana mi\u00e9rcoles en el sal\u00f3n de actos de la facultad de humanidades (resistencia). Tambi\u00e9n se podr\u00e1 participar de forma virtual. Antes la\/os estudiantes expondr\u00e1n sus trabajos finales en un Coloquio.&nbsp;<\/em><\/p>\n\n\n\n<p>La C\u00e1tedra Libre \u201cDerechos Humanos y Participaci\u00f3n Ciudadana\u201d, de la Facultad de Humanidades de la UNNE, invita al p\u00fablico en general a participar de la clase magistral a cargo del premio Nobel de la Paz, Adolfo P\u00e9rez Esquivel. La actividad se realizar\u00e1 ma\u00f1ana mi\u00e9rcoles 8 de noviembre desde las 16. Ser\u00e1 de acceso gratuito y modalidad h\u00edbrida (presencial y virtual). Adem\u00e1s contar\u00e1 con el acompa\u00f1amiento del titular de la C\u00e1tedra, profesor Norberto Liwski y reconocidos profesionales locales que colaboran con este espacio acad\u00e9mico donde confluyeron este a\u00f1o estudiantes universitarios y personal no docente de la UNNE tanto de Chaco como de Corrientes.<\/p>\n\n\n\n<p>La Clase Magistral lleva por t\u00edtulo \u201cA cuarenta (40) a\u00f1os de Democracia, reafirmamos los Derechos Humanos&#8221; ser\u00e1 disertada por el profesor P\u00e9rez Esquivel, una referencia en la tem\u00e1tica. La alocuci\u00f3n ser\u00e1 el cierre del curso de la C\u00e1tedra Libre Derechos Humanos y Participaci\u00f3n Ciudadana, a cargo del profesor Norberto Liwski. Antes de la clase magistral se realizar\u00e1 la \u00faltima instancia de acreditaci\u00f3n: el Coloquio de trabajos finales, que se realizar\u00e1 de forma presencial por grupos, con el profesor Liwski y otra\/os profesora\/es desde las 14 hs.&nbsp;<\/p>\n\n\n\n<p>A lo largo de su desarrollo en 2023 la c\u00e1tedra cont\u00f3 con m\u00e1s de 300 inscriptos de Chaco y Corrientes, tuvo 170 asistentes registrados en alguna clase, con un promedio de 70 asistentes por encuentro. Se prestaron 53 trabajos finales. A lo largo de la cursada se fueron alternando sedes entre ambas capitales provinciales.&nbsp;<\/p>\n\n\n\n<p>Contaremos con su presencia de forma virtual, pudiendo seguir su presentaci\u00f3n desde en el Sal\u00f3n de Actos de la Facultad de Humanidades (Av. Las Heras 727, Resistencia) o de forma remontada desde el lugar que uno se encuentras a trav\u00e9s del siguiente enlace:<a href=\"https:\/\/us06web.zoom.us\/j\/\" target=\"_blank\" rel=\"noreferrer noopener\">https:\/\/us06web.zoom.us\/j\/<\/a><\/p>\n\n\n\n<p>85679080307?pwd=ZHhVN0JQbW9VOTh1L3dZaXdUaDBNdz09&nbsp;<\/p>\n\n\n\n<p><strong>I<\/strong><strong>D de reuni\u00f3n:&nbsp;<\/strong>856 7908 0307<\/p>\n\n\n\n<p><strong>C\u00f3digo de acceso<\/strong>: 905919<\/p>\n\n\n\n<figure class=\"wp-block-image size-large\"><img loading=\"lazy\" decoding=\"async\" width=\"1024\" height=\"626\" src=\"https:\/\/corrientesdetarde.com\/wp-content\/uploads\/2023\/11\/Ilustrativa-5-1024x626.jpg\" alt=\"\" class=\"wp-image-100653\" srcset=\"https:\/\/corrientesdetarde.com\/wp-content\/uploads\/2023\/11\/Ilustrativa-5-1024x626.jpg 1024w, https:\/\/corrientesdetarde.com\/wp-content\/uploads\/2023\/11\/Ilustrativa-5-300x183.jpg 300w, https:\/\/corrientesdetarde.com\/wp-content\/uploads\/2023\/11\/Ilustrativa-5-768x469.jpg 768w, https:\/\/corrientesdetarde.com\/wp-content\/uploads\/2023\/11\/Ilustrativa-5.jpg 1280w\" sizes=\"auto, (max-width: 1024px) 100vw, 1024px\" \/><\/figure>\n\n\n\n<figure class=\"wp-block-image size-large\"><img loading=\"lazy\" decoding=\"async\" width=\"772\" height=\"1024\" src=\"https:\/\/corrientesdetarde.com\/wp-content\/uploads\/2023\/11\/Adolfo-Perez-Esquivel-772x1024.jpg\" alt=\"\" class=\"wp-image-100654\" srcset=\"https:\/\/corrientesdetarde.com\/wp-content\/uploads\/2023\/11\/Adolfo-Perez-Esquivel-772x1024.jpg 772w, https:\/\/corrientesdetarde.com\/wp-content\/uploads\/2023\/11\/Adolfo-Perez-Esquivel-226x300.jpg 226w, https:\/\/corrientesdetarde.com\/wp-content\/uploads\/2023\/11\/Adolfo-Perez-Esquivel-768x1019.jpg 768w, https:\/\/corrientesdetarde.com\/wp-content\/uploads\/2023\/11\/Adolfo-Perez-Esquivel.jpg 984w\" sizes=\"auto, (max-width: 772px) 100vw, 772px\" \/><\/figure>\n","protected":false},"excerpt":{"rendered":"<p>La actividad ser\u00e1 ma\u00f1ana mi\u00e9rcoles en el sal\u00f3n de actos de la facultad de humanidades (resistencia). Tambi\u00e9n se podr\u00e1 participar de forma virtual. Antes la\/os estudiantes expondr\u00e1n sus trabajos finales&hellip; <\/p>\n","protected":false},"author":8,"featured_media":100653,"comment_status":"closed","ping_status":"open","sticky":false,"template":"","format":"standard","meta":{"footnotes":""},"categories":[17],"tags":[],"class_list":["post-100652","post","type-post","status-publish","format-standard","has-post-thumbnail","hentry","category-sociales"],"_links":{"self":[{"href":"https:\/\/corrientesdetarde.com\/index.php\/wp-json\/wp\/v2\/posts\/100652","targetHints":{"allow":["GET"]}}],"collection":[{"href":"https:\/\/corrientesdetarde.com\/index.php\/wp-json\/wp\/v2\/posts"}],"about":[{"href":"https:\/\/corrientesdetarde.com\/index.php\/wp-json\/wp\/v2\/types\/post"}],"author":[{"embeddable":true,"href":"https:\/\/corrientesdetarde.com\/index.php\/wp-json\/wp\/v2\/users\/8"}],"replies":[{"embeddable":true,"href":"https:\/\/corrientesdetarde.com\/index.php\/wp-json\/wp\/v2\/comments?post=100652"}],"version-history":[{"count":1,"href":"https:\/\/corrientesdetarde.com\/index.php\/wp-json\/wp\/v2\/posts\/100652\/revisions"}],"predecessor-version":[{"id":100655,"href":"https:\/\/corrientesdetarde.com\/index.php\/wp-json\/wp\/v2\/posts\/100652\/revisions\/100655"}],"wp:featuredmedia":[{"embeddable":true,"href":"https:\/\/corrientesdetarde.com\/index.php\/wp-json\/wp\/v2\/media\/100653"}],"wp:attachment":[{"href":"https:\/\/corrientesdetarde.com\/index.php\/wp-json\/wp\/v2\/media?parent=100652"}],"wp:term":[{"taxonomy":"category","embeddable":true,"href":"https:\/\/corrientesdetarde.com\/index.php\/wp-json\/wp\/v2\/categories?post=100652"},{"taxonomy":"post_tag","embeddable":true,"href":"https:\/\/corrientesdetarde.com\/index.php\/wp-json\/wp\/v2\/tags?post=100652"}],"curies":[{"name":"wp","href":"https:\/\/api.w.org\/{rel}","templated":true}]}}