{"id":100656,"date":"2023-11-07T17:10:15","date_gmt":"2023-11-07T20:10:15","guid":{"rendered":"https:\/\/corrientesdetarde.com\/?p=100656"},"modified":"2023-11-07T17:10:27","modified_gmt":"2023-11-07T20:10:27","slug":"alex-y-claudio-paul-caniggia-cada-vez-mas-unidos-asi-fue-el-ida-y-vuelta-que-confirmaria-la-reconciliacion","status":"publish","type":"post","link":"https:\/\/corrientesdetarde.com\/index.php\/espectaculos\/alex-y-claudio-paul-caniggia-cada-vez-mas-unidos-asi-fue-el-ida-y-vuelta-que-confirmaria-la-reconciliacion\/","title":{"rendered":"Alex y Claudio Paul Caniggia, cada vez m\u00e1s unidos: as\u00ed fue el ida y vuelta que confirmar\u00eda la reconciliaci\u00f3n"},"content":{"rendered":"\n<p>El medi\u00e1tico mostr\u00f3 que se encontr\u00f3 con una \u201creliquia\u201d de la etapa como futbolista de su pap\u00e1. La respuesta de \u201cEl P\u00e1jaro\u201d no se hizo esperar.<\/p>\n\n\n\n<p>Tras ser expulsado de la edici\u00f3n espa\u00f1ola de\u00a0<em>Gran Hermano<\/em>,<strong> Alex Canniggia aprovecha sus d\u00edas en Espa\u00f1a para darse un descanso mientras espera los resultados de la repesca<\/strong>: una modalidad del reality que por orden de votaci\u00f3n entre internautas y televidentes, podr\u00eda reingresarlo a la casa m\u00e1s famosa del mundo. Como siempre muy activo en sus redes, se mostr\u00f3 en compa\u00f1\u00eda de su representante visitando la exposici\u00f3n futbol\u00edstica\u00a0<em>Legends Experience<\/em>.<\/p>\n\n\n\n<p>Sorprendido, el hermano de\u00a0Charlotte Caniggia no esperaba ver entre las exhibiciones, la camiseta de la Selecci\u00f3n argentina que us\u00f3 su padre, Claudio Caniggia en la Copa del Mundo de 1990. Por esta raz\u00f3n, public\u00f3 una foto y sobre la misma escribi\u00f3:<strong>\u00a0\u201cPela, como que esta no la tengo yo, me cabi\u00f3\u201d, y luego arrob\u00f3 a su padre entre emojis de coraz\u00f3n y la bandera de Argentina.<\/strong><\/p>\n\n\n\n<figure class=\"wp-block-image\"><img decoding=\"async\" src=\"https:\/\/tn.com.ar\/resizer\/ISIXN3Mr1jrKWKk0e1J1jxqIFzo=\/767x0\/smart\/filters:format(webp)\/cloudfront-us-east-1.images.arcpublishing.com\/artear\/HQ5VNPSJEZEOXEBL6NRIHB26EI.jpg\" alt=\"Alex Caniggia se emocion\u00f3 al ver la camiseta de su pap\u00e1 El P\u00e1jaro Caniggia en la exhibici\u00f3n madrile\u00f1a de Legends Experience. (Foto: Instagram \/ alexandercaniggia, claudiocaniggia)\"\/><\/figure>\n\n\n\n<p>A su vez,<strong>&nbsp;el P\u00e1jaro Caniggia respondi\u00f3 al gesto de su hijo<\/strong>. Reposte\u00f3 la foto desde el perfil de Alex y sin nada m\u00e1s que agregar,<strong>&nbsp;dio a entender que recibi\u00f3 su mensaje<\/strong>. Sin embargo,<strong>&nbsp;se desconoce si hubo alg\u00fan encuentro<\/strong>, considerando que ambos se encuentran en la misma capital espa\u00f1ola.<\/p>\n\n\n\n<p>Este posteo fue interpretado por varios internautas, como&nbsp;<strong>un nuevo gesto de acercamiento por parte del joven, luego de distanciarse de su madre, Mariana Nannis<\/strong>. Entre ellos se mantiene una tensa calma, luego de semanas de peleas v\u00eda redes cuando el exconductor acus\u00f3 a su madre de desalojarlo de su departamento en el Faena, con su novia embarazada.<\/p>\n\n\n\n<h2 class=\"wp-block-heading\">Alex Caniggia cont\u00f3 con lujo de detalles c\u00f3mo fue la pelea por la que lo expulsaron de Gran Hermano Espa\u00f1a<\/h2>\n\n\n\n<p>Este mi\u00e9rcoles por la noche,\u00a0Alex Caniggia\u00a0<strong>fue expulsado de\u00a0<\/strong><em><strong>Gran Hermano Vip Espa\u00f1a (Telecinco)<\/strong><\/em>\u00a0junto a otro concursante por \u201c<strong>romper las normas de conducta<\/strong>\u201d.<\/p>\n\n\n\n<p>Ya afuera de la casa, el medi\u00e1tico dio su versi\u00f3n de la pelea que lo dej\u00f3 eliminado de la competencia. \u201c<strong>Fue una disciplina mala la verdad<\/strong>\u201d, comenz\u00f3 diciendo el medi\u00e1tico al aire del programa que debate lo que ocurre en el reality, haci\u00e9ndose cargo de lo ocurrido.<\/p>\n\n\n\n<figure class=\"wp-block-image\"><img decoding=\"async\" src=\"https:\/\/tn.com.ar\/resizer\/5u9uivovpVId_1JkkEG_Ocwn-PQ=\/767x0\/smart\/filters:format(webp)\/cloudfront-us-east-1.images.arcpublishing.com\/artear\/PCCSKCUTVRDDJDLCTDWWSF6TLI.jpg\" alt=\"El medi\u00e1tico cont\u00f3 c\u00f3mo fue la pelea que le cost\u00f3 su participaci\u00f3n en GH.\"\/><\/figure>\n\n\n\n<p>Acto seguido, describi\u00f3 la situaci\u00f3n que despert\u00f3 su furiosa reacci\u00f3n: \u201cLa cosa fue as\u00ed: (Jos\u00e9 Antonio)&nbsp;<strong>Avil\u00e9s empez\u00f3 a insultar a Laura (Bozzo),<\/strong>&nbsp;\u2018que fue tu culpa, que le agarr\u00f3 un ataque de p\u00e1nico a Susana (Bianca), a Jessica (Bueno), no s\u00e9 qu\u00e9. Y&nbsp;<strong>yo la verdad no voy a permitir que le falte el respeto, primero a una mujer y despu\u00e9s, a una mujer mayor (por Laura)\u201d.<\/strong><\/p>\n\n\n\n<p>Pese a que no pasaron las im\u00e1genes de esa discusi\u00f3n, la situaci\u00f3n termin\u00f3 en un intenso forcejeo entre los participantes.<strong>&nbsp;Por ese encontronazo fue expulsado<\/strong>&nbsp;el hijo de Mariana Nannis y Claudio Paul Caniggia, y Gustavo Guillermo, el ex ch\u00f3fer de la presentadora Mar\u00eda Teresa Campos.<\/p>\n\n\n\n<p>Autocr\u00edtico, el pap\u00e1 de Venezia Caniggia reconoci\u00f3: \u201c<strong>Entiendo mi expulsi\u00f3n.<\/strong>&nbsp;Y como me expulsaron a m\u00ed tambi\u00e9n est\u00e1 bien que expulsaran a Gustavo, pero tambi\u00e9n tendr\u00edan que expulsar a Avil\u00e9s\u201d.<\/p>\n","protected":false},"excerpt":{"rendered":"<p>El medi\u00e1tico mostr\u00f3 que se encontr\u00f3 con una \u201creliquia\u201d de la etapa como futbolista de su pap\u00e1. La respuesta de \u201cEl P\u00e1jaro\u201d no se hizo esperar. Tras ser expulsado de&hellip; <\/p>\n","protected":false},"author":8,"featured_media":100657,"comment_status":"closed","ping_status":"open","sticky":false,"template":"","format":"standard","meta":{"footnotes":""},"categories":[19],"tags":[],"class_list":["post-100656","post","type-post","status-publish","format-standard","has-post-thumbnail","hentry","category-espectaculos"],"_links":{"self":[{"href":"https:\/\/corrientesdetarde.com\/index.php\/wp-json\/wp\/v2\/posts\/100656","targetHints":{"allow":["GET"]}}],"collection":[{"href":"https:\/\/corrientesdetarde.com\/index.php\/wp-json\/wp\/v2\/posts"}],"about":[{"href":"https:\/\/corrientesdetarde.com\/index.php\/wp-json\/wp\/v2\/types\/post"}],"author":[{"embeddable":true,"href":"https:\/\/corrientesdetarde.com\/index.php\/wp-json\/wp\/v2\/users\/8"}],"replies":[{"embeddable":true,"href":"https:\/\/corrientesdetarde.com\/index.php\/wp-json\/wp\/v2\/comments?post=100656"}],"version-history":[{"count":1,"href":"https:\/\/corrientesdetarde.com\/index.php\/wp-json\/wp\/v2\/posts\/100656\/revisions"}],"predecessor-version":[{"id":100658,"href":"https:\/\/corrientesdetarde.com\/index.php\/wp-json\/wp\/v2\/posts\/100656\/revisions\/100658"}],"wp:featuredmedia":[{"embeddable":true,"href":"https:\/\/corrientesdetarde.com\/index.php\/wp-json\/wp\/v2\/media\/100657"}],"wp:attachment":[{"href":"https:\/\/corrientesdetarde.com\/index.php\/wp-json\/wp\/v2\/media?parent=100656"}],"wp:term":[{"taxonomy":"category","embeddable":true,"href":"https:\/\/corrientesdetarde.com\/index.php\/wp-json\/wp\/v2\/categories?post=100656"},{"taxonomy":"post_tag","embeddable":true,"href":"https:\/\/corrientesdetarde.com\/index.php\/wp-json\/wp\/v2\/tags?post=100656"}],"curies":[{"name":"wp","href":"https:\/\/api.w.org\/{rel}","templated":true}]}}