{"id":100771,"date":"2023-11-08T00:26:44","date_gmt":"2023-11-08T03:26:44","guid":{"rendered":"https:\/\/corrientesdetarde.com\/?p=100771"},"modified":"2023-11-08T00:26:56","modified_gmt":"2023-11-08T03:26:56","slug":"el-gobernador-valdes-inaugura-infraestructura-urbana-en-los-barrios-santa-rosa-y-pio-x","status":"publish","type":"post","link":"https:\/\/corrientesdetarde.com\/index.php\/destacados\/el-gobernador-valdes-inaugura-infraestructura-urbana-en-los-barrios-santa-rosa-y-pio-x\/","title":{"rendered":"El gobernador Vald\u00e9s inaugura infraestructura urbana en los barrios Santa Rosa y Pio X"},"content":{"rendered":"\n<p>El gobernador Gustavo Vald\u00e9s inaugurar\u00e1 este mi\u00e9rcoles a las 9 en el barrio Santa Rosa, 7 cuadras de pavimento, 6 de cord\u00f3n cuneta y enripiado de calles y desag\u00fces pluviales. El acto respectivo tendr\u00e1 lugar en Ex V\u00eda y Necochea, mientras que luego a las 10, inaugurar\u00e1 en el barrio Pio X, 25 cuadras de cord\u00f3n cuneta, badenes y enripiado, cuyo acto se desarrollar\u00e1 en la esquina de los pasajes Las Flores y Campana.<\/p>\n","protected":false},"excerpt":{"rendered":"<p>El gobernador Gustavo Vald\u00e9s inaugurar\u00e1 este mi\u00e9rcoles a las 9 en el barrio Santa Rosa, 7 cuadras de pavimento, 6 de cord\u00f3n cuneta y enripiado de calles y desag\u00fces pluviales.&hellip; <\/p>\n","protected":false},"author":4,"featured_media":100772,"comment_status":"closed","ping_status":"open","sticky":false,"template":"","format":"standard","meta":{"footnotes":""},"categories":[26],"tags":[],"class_list":["post-100771","post","type-post","status-publish","format-standard","has-post-thumbnail","hentry","category-destacados"],"_links":{"self":[{"href":"https:\/\/corrientesdetarde.com\/index.php\/wp-json\/wp\/v2\/posts\/100771","targetHints":{"allow":["GET"]}}],"collection":[{"href":"https:\/\/corrientesdetarde.com\/index.php\/wp-json\/wp\/v2\/posts"}],"about":[{"href":"https:\/\/corrientesdetarde.com\/index.php\/wp-json\/wp\/v2\/types\/post"}],"author":[{"embeddable":true,"href":"https:\/\/corrientesdetarde.com\/index.php\/wp-json\/wp\/v2\/users\/4"}],"replies":[{"embeddable":true,"href":"https:\/\/corrientesdetarde.com\/index.php\/wp-json\/wp\/v2\/comments?post=100771"}],"version-history":[{"count":1,"href":"https:\/\/corrientesdetarde.com\/index.php\/wp-json\/wp\/v2\/posts\/100771\/revisions"}],"predecessor-version":[{"id":100773,"href":"https:\/\/corrientesdetarde.com\/index.php\/wp-json\/wp\/v2\/posts\/100771\/revisions\/100773"}],"wp:featuredmedia":[{"embeddable":true,"href":"https:\/\/corrientesdetarde.com\/index.php\/wp-json\/wp\/v2\/media\/100772"}],"wp:attachment":[{"href":"https:\/\/corrientesdetarde.com\/index.php\/wp-json\/wp\/v2\/media?parent=100771"}],"wp:term":[{"taxonomy":"category","embeddable":true,"href":"https:\/\/corrientesdetarde.com\/index.php\/wp-json\/wp\/v2\/categories?post=100771"},{"taxonomy":"post_tag","embeddable":true,"href":"https:\/\/corrientesdetarde.com\/index.php\/wp-json\/wp\/v2\/tags?post=100771"}],"curies":[{"name":"wp","href":"https:\/\/api.w.org\/{rel}","templated":true}]}}