{"id":100777,"date":"2023-11-08T08:14:57","date_gmt":"2023-11-08T11:14:57","guid":{"rendered":"https:\/\/corrientesdetarde.com\/?p=100777"},"modified":"2023-11-08T08:15:13","modified_gmt":"2023-11-08T11:15:13","slug":"valdes-habria-sido-victima-de-espionaje","status":"publish","type":"post","link":"https:\/\/corrientesdetarde.com\/index.php\/informacion-general\/valdes-habria-sido-victima-de-espionaje\/","title":{"rendered":"Vald\u00e9s habr\u00eda sido v\u00edctima de espionaje"},"content":{"rendered":"\n<p>Pareciera un festival de pruebas o la trama de una distop\u00eda orwelliana. Sin embargo, ayer sacudi\u00f3 la revelaci\u00f3n por parte de la Justicia Federal a la prensa nacional detalles de una megacausa por espionaje ilegal que, seg\u00fan se investiga, involucrar\u00eda a funcionarios del kirchnerismo. La noticia golpe\u00f3 como una ola a las ya movedizas orillas de la pol\u00edtica por la campa\u00f1a presidencial y sac\u00f3 a la luz una lista de objetivos que mencionaba a pol\u00edticos, dirigentes sociales, artistas, empresarios y periodistas, entre los que figura el gobernador Gustavo Vald\u00e9s.<\/p>\n\n\n\n<p>El correntino integra una extensa lista de personas espiadas de forma ilegal, cuyas ramificaciones est\u00e1n en plena investigaci\u00f3n y que apuntar\u00edan hacia un sector del kirchnerismo. Esto, luego de desclasificarse a la prensa un documento de m\u00e1s de 200 p\u00e1ginas en el cual se detallaba informaci\u00f3n de un expolic\u00eda de la Federal, Ariel Zanchetta, quien est\u00e1 detenido desde junio por estas operaciones que se habr\u00edan realizado entre 2009 y 2015.<\/p>\n\n\n\n<p>Como parte de la investigaci\u00f3n que lleva adelante el fiscal federal Gerardo Pollicita, las pericias revelaron que existieron contactos entre el exagente inorg\u00e1nico de la AFI y el actual directivo de AFIP, el camporista Fabi\u00e1n &#8220;Conu&#8221; Rodr\u00edguez, sobre quien la Justicia orden\u00f3 el allanamiento de su casa y de sus oficinas. Tambi\u00e9n, se establecieron comunicaciones por chat con el diputado nacional Rodolfo Tailhade, quien impulsa el juicio pol\u00edtico contra la Corte Suprema de Justicia.<\/p>\n\n\n\n<p>Ayer deb\u00eda sesionar la comisi\u00f3n en la C\u00e1mara baja nacional para escuchar el descargo de los magistrados del m\u00e1ximo tribunal, sin embargo, se levant\u00f3 abruptamente. Mientras tanto, desde Juntos por el Cambio apuntaron contra una &#8220;red de espionaje ilegal a cielo abierto&#8221;. El dictamen de acusaci\u00f3n quedar\u00e1 para despu\u00e9s del balotaje.<\/p>\n\n\n\n<p>Vald\u00e9s integra una lista de m\u00e1s de 1.000 pol\u00edticos y personas en exposici\u00f3n p\u00fablica que formaban parte de los objetivos de Zanchetta. Tambi\u00e9n incluye a los gobernadores de Entre R\u00edos, Gustavo Bordet; de Mendoza Rodolfo Su\u00e1rez; de Santiago del Estero, Gerardo Zamora; de Santa Fe, Omar Perotti; de Jujuy, Gerardo Morales y de Chaco, Jorge Capitanich.<\/p>\n\n\n\n<p>Se buscaba conocer detalles privados como los sueldos que percib\u00edan, creencias religiosas, entorno familiar y hasta las personas con las que se relacionaban. Form\u00f3 parte de los objetivos de espionaje ilegal hasta el propio presidente Alberto Fern\u00e1ndez, y los actuales candidatos a sucederlo, Sergio Massa y Javier Milei.<\/p>\n","protected":false},"excerpt":{"rendered":"<p>Pareciera un festival de pruebas o la trama de una distop\u00eda orwelliana. Sin embargo, ayer sacudi\u00f3 la revelaci\u00f3n por parte de la Justicia Federal a la prensa nacional detalles de&hellip; <\/p>\n","protected":false},"author":1,"featured_media":70450,"comment_status":"closed","ping_status":"open","sticky":false,"template":"","format":"standard","meta":{"footnotes":""},"categories":[1],"tags":[],"class_list":["post-100777","post","type-post","status-publish","format-standard","has-post-thumbnail","hentry","category-informacion-general"],"_links":{"self":[{"href":"https:\/\/corrientesdetarde.com\/index.php\/wp-json\/wp\/v2\/posts\/100777","targetHints":{"allow":["GET"]}}],"collection":[{"href":"https:\/\/corrientesdetarde.com\/index.php\/wp-json\/wp\/v2\/posts"}],"about":[{"href":"https:\/\/corrientesdetarde.com\/index.php\/wp-json\/wp\/v2\/types\/post"}],"author":[{"embeddable":true,"href":"https:\/\/corrientesdetarde.com\/index.php\/wp-json\/wp\/v2\/users\/1"}],"replies":[{"embeddable":true,"href":"https:\/\/corrientesdetarde.com\/index.php\/wp-json\/wp\/v2\/comments?post=100777"}],"version-history":[{"count":2,"href":"https:\/\/corrientesdetarde.com\/index.php\/wp-json\/wp\/v2\/posts\/100777\/revisions"}],"predecessor-version":[{"id":100781,"href":"https:\/\/corrientesdetarde.com\/index.php\/wp-json\/wp\/v2\/posts\/100777\/revisions\/100781"}],"wp:featuredmedia":[{"embeddable":true,"href":"https:\/\/corrientesdetarde.com\/index.php\/wp-json\/wp\/v2\/media\/70450"}],"wp:attachment":[{"href":"https:\/\/corrientesdetarde.com\/index.php\/wp-json\/wp\/v2\/media?parent=100777"}],"wp:term":[{"taxonomy":"category","embeddable":true,"href":"https:\/\/corrientesdetarde.com\/index.php\/wp-json\/wp\/v2\/categories?post=100777"},{"taxonomy":"post_tag","embeddable":true,"href":"https:\/\/corrientesdetarde.com\/index.php\/wp-json\/wp\/v2\/tags?post=100777"}],"curies":[{"name":"wp","href":"https:\/\/api.w.org\/{rel}","templated":true}]}}