{"id":10082,"date":"2022-10-10T18:23:51","date_gmt":"2022-10-10T21:23:51","guid":{"rendered":"https:\/\/corrientesdetarde.com\/?p=10082"},"modified":"2022-10-10T18:23:55","modified_gmt":"2022-10-10T21:23:55","slug":"fue-apartado-del-hospital-el-responsable-de-viralizar-la-foto-de-un-hombre-que-murio-apunalado","status":"publish","type":"post","link":"https:\/\/corrientesdetarde.com\/index.php\/informacion-general\/fue-apartado-del-hospital-el-responsable-de-viralizar-la-foto-de-un-hombre-que-murio-apunalado\/","title":{"rendered":"Fue apartado del Hospital el responsable de viralizar la foto de un hombre que muri\u00f3 apu\u00f1alado"},"content":{"rendered":"\n<p>La imagen se fue compartida por redes sociales.<\/p>\n\n\n\n<p>El responsable de viralizar la foto de un hombre que muri\u00f3 apu\u00f1alado fue apartado del Hospital de la localidad correntina de Monte Caseros, indicaron este lunes fuentes del centro de salud.<\/p>\n\n\n\n<p>Se trata de una imagen que se comparti\u00f3 por redes sociales de la v\u00edctima que falleci\u00f3 el domingo a causa de una herida de arma blanca tras una pelea.<\/p>\n\n\n\n<p>\u201cApenas me enter\u00e9 de la foto que se encontraba viralizada en las redes sociales me comuniqu\u00e9 con la jefa de personal del hospital y con la jefa del departamento de enfermer\u00eda para en forma urgente realizar un sumario a toda la guardia que intervino ese d\u00eda en el ingreso del paciente apu\u00f1alado&#8221;, declar\u00f3 el director del centro de salud, Marcelo Ceccato.<\/p>\n\n\n\n<p>El doctor sostuvo que el resultado de esa investigaci\u00f3n reci\u00e9n estuvo hoy durante la ma\u00f1ana horas de la ma\u00f1ana.<\/p>\n\n\n\n<p>&#8220;Acto seguido y sin dar demasiadas explicaciones, porque no hay nada que se pueda explicar, ni justificar, ni excusar ante una situaci\u00f3n de este tipo, tom\u00e9 la decisi\u00f3n de apartar del Hospital, de la instituci\u00f3n, a la persona responsable de haber sacado esa foto, esta persona ya no trabaja m\u00e1s en el Hospital\u201d, sostuvo en di\u00e1logo con MonteCaserosOnline.<\/p>\n\n\n\n<p>Muy apenado por todo lo sucedido y pensando en el da\u00f1o, que a trav\u00e9s de esta acci\u00f3n, se provoc\u00f3 a los familiares y amigos de la v\u00edctima el profesional de la salud expres\u00f3 sus m\u00e1s sinceras disculpas, \u201ca cada familiar, a cada amigo de la persona fallecida, solo pedir disculpas como instituci\u00f3n, como hospital por lo acontecido&#8221;.<\/p>\n\n\n\n<p>&#8220;Fue algo muy doloroso como ser humano, m\u00e1s all\u00e1 del cargo que uno ocupe, duele, ponerse en la piel del familiar y ver eso, una barbaridad, no puede ser, por ese lado pasa la desilusi\u00f3n, el dolor, porque reitero, es ponerse en la piel del ser querido, no hay calificativo para lo que sucedi\u00f3&#8221;, dijo.<\/p>\n\n\n\n<p>Y agreg\u00f3: &#8220;La persona responsable de haber sacado esa foto fue identificada y sancionada de la forma severa que correspond\u00eda, ya no se encuentra trabajando m\u00e1s dentro del Hospital\u201d.<\/p>\n","protected":false},"excerpt":{"rendered":"<p>La imagen se fue compartida por redes sociales. El responsable de viralizar la foto de un hombre que muri\u00f3 apu\u00f1alado fue apartado del Hospital de la localidad correntina de Monte&hellip; <\/p>\n","protected":false},"author":3,"featured_media":10083,"comment_status":"closed","ping_status":"open","sticky":false,"template":"","format":"standard","meta":{"footnotes":""},"categories":[1],"tags":[],"class_list":["post-10082","post","type-post","status-publish","format-standard","has-post-thumbnail","hentry","category-informacion-general"],"_links":{"self":[{"href":"https:\/\/corrientesdetarde.com\/index.php\/wp-json\/wp\/v2\/posts\/10082","targetHints":{"allow":["GET"]}}],"collection":[{"href":"https:\/\/corrientesdetarde.com\/index.php\/wp-json\/wp\/v2\/posts"}],"about":[{"href":"https:\/\/corrientesdetarde.com\/index.php\/wp-json\/wp\/v2\/types\/post"}],"author":[{"embeddable":true,"href":"https:\/\/corrientesdetarde.com\/index.php\/wp-json\/wp\/v2\/users\/3"}],"replies":[{"embeddable":true,"href":"https:\/\/corrientesdetarde.com\/index.php\/wp-json\/wp\/v2\/comments?post=10082"}],"version-history":[{"count":1,"href":"https:\/\/corrientesdetarde.com\/index.php\/wp-json\/wp\/v2\/posts\/10082\/revisions"}],"predecessor-version":[{"id":10084,"href":"https:\/\/corrientesdetarde.com\/index.php\/wp-json\/wp\/v2\/posts\/10082\/revisions\/10084"}],"wp:featuredmedia":[{"embeddable":true,"href":"https:\/\/corrientesdetarde.com\/index.php\/wp-json\/wp\/v2\/media\/10083"}],"wp:attachment":[{"href":"https:\/\/corrientesdetarde.com\/index.php\/wp-json\/wp\/v2\/media?parent=10082"}],"wp:term":[{"taxonomy":"category","embeddable":true,"href":"https:\/\/corrientesdetarde.com\/index.php\/wp-json\/wp\/v2\/categories?post=10082"},{"taxonomy":"post_tag","embeddable":true,"href":"https:\/\/corrientesdetarde.com\/index.php\/wp-json\/wp\/v2\/tags?post=10082"}],"curies":[{"name":"wp","href":"https:\/\/api.w.org\/{rel}","templated":true}]}}