{"id":100831,"date":"2023-11-08T10:50:16","date_gmt":"2023-11-08T13:50:16","guid":{"rendered":"https:\/\/corrientesdetarde.com\/?p=100831"},"modified":"2023-11-08T10:50:41","modified_gmt":"2023-11-08T13:50:41","slug":"francisco-aprobo-la-beatificacion-del-cardenal-argentino-eduardo-pironio","status":"publish","type":"post","link":"https:\/\/corrientesdetarde.com\/index.php\/cultura\/francisco-aprobo-la-beatificacion-del-cardenal-argentino-eduardo-pironio\/","title":{"rendered":"Francisco aprob\u00f3 la beatificaci\u00f3n del cardenal argentino Eduardo Pironio"},"content":{"rendered":"\n<p>El papa Francisco autoriz\u00f3 este mi\u00e9rcoles la beatificaci\u00f3n del cardenal argentino Eduardo Pironio, creador de las Jornadas Mundiales de la Juventud, luego de que el Vaticano reconociera un milagro atribuido en 2006 al purpurado nacido en 1920 en la localidad bonaerense de 9 de Julio y fallecido en Roma en 1998.<\/p>\n\n\n\n<p>Seg\u00fan informaron a T\u00e9lam fuentes del Vaticano, la ceremonia de beatificaci\u00f3n se har\u00e1 en Luj\u00e1n antes de fin de a\u00f1o y por parte de la Santa Sede participar\u00e1 el cardenal espa\u00f1ol Fernando V\u00e9rgez \u00c1lzaga, titular de la Gobernaci\u00f3n del Vaticano y secretario de Pironio durante 23 a\u00f1os.<\/p>\n\n\n\n<p>La noticia de la beatificaci\u00f3n se dio este mi\u00e9rcoles cuando el Papa autoriz\u00f3 al prefecto del Dicasterio para las Causas de los Santos, el italiano Marcello Semeraro, a publicar el decreto con el que la Santa Sede reconoce la intercesi\u00f3n de Pironio en la curaci\u00f3n sin explicaci\u00f3n cient\u00edfica de Juan Manuel Franco, un beb\u00e9 que en 2006 ten\u00eda 15 meses cuando sali\u00f3 de un cuadro de coma profundo luego de que sus padres rezaran a la figura del futuro beato.<\/p>\n\n\n\n<p>El anuncio de la beatificaci\u00f3n se da luego de que, en primer lugar, una junta de m\u00e9dicos del Vaticano constatara que la curaci\u00f3n de Franco &#8220;supera la ciencia m\u00e9dica&#8221; y luego una Comisi\u00f3n de Te\u00f3logos corroborara que la familia del ni\u00f1o hab\u00eda rezado a Pironio por su sanaci\u00f3n.<\/p>\n\n\n\n<p>La sanaci\u00f3n se Franco se dio luego de que, el 1 de diciembre de 2006, aspirara por error el contenido de un recipiente con purpurina (una sustancia peque\u00f1a hecha de pedazos de pl\u00e1sticos copolimerizados y metales), por lo que qued\u00f3 en un cuadro de coma profundo.<\/p>\n\n\n\n<p>Con el ni\u00f1o gravemente afectado, sus padres rezaron durante 13 d\u00edas a una estampita del cardenal Pironio, obsequiada por un sacerdote de la parroquia San Antonio de Padua, y luego el ni\u00f1o se despert\u00f3 sin rastros de elementos t\u00f3xicos en sangre.<\/p>\n\n\n\n<p>El Papa hab\u00eda reconocido en 2022 las &#8220;virtudes heroicas&#8221; de Pironio y lo convirti\u00f3 en &#8220;venerable&#8221;.<\/p>\n\n\n\n<p>Pironio, el m\u00e1s joven de una familia de 22 hermanos platenses, fue el creador de las Jornadas Mundiales de la Juventud que se siguen haciendo de forma trianual con la presencia del Papa.<\/p>\n\n\n\n<p>Pironio naci\u00f3 en 1920 en la localidad bonaerense de 9 de Julio, fue el primer latinoamericano que desempe\u00f1\u00f3 un cargo en la Curia Romana y fue uno de los fundadores de la teolog\u00eda basada en la doctrina social de la Iglesia.<\/p>\n\n\n\n<p>El nuevo beato tuvo un rol destacado a nivel regional desde el Consejo Episcopal Latinoamericano (CELAM), en donde se desempe\u00f1\u00f3 primero como Secretario General (1968-1972) y luego como Presidente (1972-1974).<\/p>\n\n\n\n<p>En el organismo regional, tuvo activa participaci\u00f3n en las Conferencias Generales del Episcopado Latinoamericano en Medell\u00edn (1968), Puebla (1979) y Santo Domingo (1992).<\/p>\n\n\n\n<p>Seg\u00fan record\u00f3 a T\u00e9lam su bi\u00f3grafo can\u00f3nico, el italiano Gianni La Bella, Pironio tuvo una vida marcada por una fase &#8220;latinoamericana&#8221; y otra &#8220;romana&#8221;, con m\u00faltiples encargos papales en los dos continentes.<\/p>\n\n\n\n<p>La Bella, miembro de la influyente comunidad San Egidio, fue de hecho el autor de la &#8220;Biografia Documentata&#8221;, como se conoce en lenguaje can\u00f3nico el resumen de la vida del beato, uno de los pasos formales dentro del proceso de beatificaci\u00f3n iniciado con la apertura de la investigaci\u00f3n diocesana en Roma el 23 de junio de 2006. S\u00f3lo durante esa primera parte del proceso, 37 personas declararon sobre su conocimiento de Pironio entre febrero y noviembre de 2007. y otros 23 testigos dieron su visi\u00f3n sobre el cardenal en Europa en 2009, de acuerdo a las actas a las que accedi\u00f3 T\u00e9lam.<\/p>\n\n\n\n<p>A partir de su rol activo en la Curia romana, el cardenal argentino hab\u00eda llegado a ser considerado &#8220;papable&#8221; en los dos c\u00f3nclaves que se hicieron en 1978, y que luego terminaron eligiendo primero a Juan Pablo I y, tras su repentina muerte, a Juan Pablo II. El cardenal siempre fue considerado demasiado progresista por algunos sectores, a partir de su amistad con el santo salvadore\u00f1o Oscar Arnulfo Romero, as\u00ed como del obispo Enrique Angelelli, sacerdotes que fueron ambos asesinados por su compromiso social.<\/p>\n\n\n\n<p>El propio Pironio, de hecho, fue perseguido en la Argentina por ser considerado demasiado cercano a la izquierda, por lo que fue llamado a Roma por san Pablo VI en 1974 para ser prefecto de la Congregaci\u00f3n de los Institutos de Vida Consagrada. Diez a\u00f1os despu\u00e9s, Juan Pablo II lo nombr\u00f3 presidente del Pontificio Consejo para los Laicos.<\/p>\n\n\n\n<p>Creado cardenal en el consistorio del 24 de mayo de 1976, el proceso de beatificaci\u00f3n de Pironio fue impulsado en 2003, al cumplirse cinco a\u00f1os de su fallecimiento el 5 de febrero de 1998.<\/p>\n","protected":false},"excerpt":{"rendered":"<p>El papa Francisco autoriz\u00f3 este mi\u00e9rcoles la beatificaci\u00f3n del cardenal argentino Eduardo Pironio, creador de las Jornadas Mundiales de la Juventud, luego de que el Vaticano reconociera un milagro atribuido&hellip; <\/p>\n","protected":false},"author":1,"featured_media":100835,"comment_status":"closed","ping_status":"open","sticky":false,"template":"","format":"standard","meta":{"footnotes":""},"categories":[15],"tags":[],"class_list":["post-100831","post","type-post","status-publish","format-standard","has-post-thumbnail","hentry","category-cultura"],"_links":{"self":[{"href":"https:\/\/corrientesdetarde.com\/index.php\/wp-json\/wp\/v2\/posts\/100831","targetHints":{"allow":["GET"]}}],"collection":[{"href":"https:\/\/corrientesdetarde.com\/index.php\/wp-json\/wp\/v2\/posts"}],"about":[{"href":"https:\/\/corrientesdetarde.com\/index.php\/wp-json\/wp\/v2\/types\/post"}],"author":[{"embeddable":true,"href":"https:\/\/corrientesdetarde.com\/index.php\/wp-json\/wp\/v2\/users\/1"}],"replies":[{"embeddable":true,"href":"https:\/\/corrientesdetarde.com\/index.php\/wp-json\/wp\/v2\/comments?post=100831"}],"version-history":[{"count":2,"href":"https:\/\/corrientesdetarde.com\/index.php\/wp-json\/wp\/v2\/posts\/100831\/revisions"}],"predecessor-version":[{"id":100837,"href":"https:\/\/corrientesdetarde.com\/index.php\/wp-json\/wp\/v2\/posts\/100831\/revisions\/100837"}],"wp:featuredmedia":[{"embeddable":true,"href":"https:\/\/corrientesdetarde.com\/index.php\/wp-json\/wp\/v2\/media\/100835"}],"wp:attachment":[{"href":"https:\/\/corrientesdetarde.com\/index.php\/wp-json\/wp\/v2\/media?parent=100831"}],"wp:term":[{"taxonomy":"category","embeddable":true,"href":"https:\/\/corrientesdetarde.com\/index.php\/wp-json\/wp\/v2\/categories?post=100831"},{"taxonomy":"post_tag","embeddable":true,"href":"https:\/\/corrientesdetarde.com\/index.php\/wp-json\/wp\/v2\/tags?post=100831"}],"curies":[{"name":"wp","href":"https:\/\/api.w.org\/{rel}","templated":true}]}}