{"id":100853,"date":"2023-11-08T14:04:20","date_gmt":"2023-11-08T17:04:20","guid":{"rendered":"https:\/\/corrientesdetarde.com\/?p=100853"},"modified":"2023-11-08T14:04:24","modified_gmt":"2023-11-08T17:04:24","slug":"el-grito-de-identidad-de-la-33a-fiesta-nacional-del-chamame-se-vivira-desde-diciembre","status":"publish","type":"post","link":"https:\/\/corrientesdetarde.com\/index.php\/cultura\/el-grito-de-identidad-de-la-33a-fiesta-nacional-del-chamame-se-vivira-desde-diciembre\/","title":{"rendered":"El \u201cGrito de identidad\u201d de la 33\u00aa Fiesta Nacional del Chamam\u00e9 se vivir\u00e1 desde diciembre"},"content":{"rendered":"\n<p>El Gobierno de Corrientes, a trav\u00e9s del Instituto de Cultura, avanza en la diagramaci\u00f3n de las actividades oficiales de la 33\u00b0 Fiesta Nacional del Chamam\u00e9 19\u00b0 del Mercosur y 3\u00b0 Celebraci\u00f3n Mundial, que iniciar\u00e1n como ya viene ocurriendo en los \u00faltimos a\u00f1os, con numerosas propuestas a lo largo de diciembre, y con fuerza e identidad desde los primeros d\u00edas de enero del 2024.&nbsp;<\/p>\n\n\n\n<p>De esta manera, la Fiesta Guaz\u00fa iniciar\u00e1 con la Gran Final de los cert\u00e1menes Pre Fiesta Nacional, de donde cada a\u00f1o surgen los nuevos valores chamameceros, y el equipo organizativo est\u00e1 trabajando en distintas actividades que incluir\u00e1n el ya cl\u00e1sico ciclo \u201cChamam\u00e9 con todos\u201d, llevando m\u00fasica y alegr\u00eda a hospitales, contextos de encierro y hogares para adultos mayores.<\/p>\n\n\n\n<p>Esta nueva edici\u00f3n, con el lema \u201cGrito de identidad\u201d, formar\u00e1n parte de la diversa y enriquecedora programaci\u00f3n: ciclos de conciertos, charlas, encuentros, propuestas al aire libre, entre otras actividades que tendr\u00e1n lugar en espacios p\u00fablicos, privados y en m\u00e1s de 20 instituciones que son parte de la celebraci\u00f3n oficial, tanto de Capital como en localidades del interior.<\/p>\n\n\n\n<p>\u201cCon mucha expectativa avanzamos con la organizaci\u00f3n de la Fiesta Nacional del Chamam\u00e9 que esta nueva edici\u00f3n iniciar\u00e1 en diciembre con la Gran Final de la Pre Fiesta que se celebrar\u00e1 el 8 de diciembre, de la cual participar\u00e1n cerca de mil artistas j\u00f3venes y emergentes en busca de un lugar en la celebraci\u00f3n del festival que se realizar\u00e1 del 12 al 21 de enero en el anfiteatro Coromarola\u201d, expres\u00f3 el presidente del Instituto de Cultura de Corrientes, Arq. Gabriel Romero.<\/p>\n\n\n\n<p>En este contexto, el funcionario destac\u00f3 que estos eventos son parte fundamental de la Fiesta Nacional del Chamam\u00e9, celebraci\u00f3n que no se limita a las 10 noches en el anfiteatro Cocomarola. \u201cConsideramos que estas actividades que dar\u00e1n inicio en diciembre son muy importantes y forman parte de la gran celebraci\u00f3n, la Fiesta Nacional del Chamam\u00e9 es la conjunci\u00f3n de todas estas expresiones que muestran nuestra aut\u00e9ntica identidad chamamecera\u201d.<\/p>\n\n\n\n<p><strong>Chamam\u00e9 con Todos<\/strong><\/p>\n\n\n\n<p>El chamam\u00e9 es una expresi\u00f3n cultural que abraza los valores esenciales de la \u201cmanera de ser\u201d de los chamameceros que, entre otras cosas, resalta su esp\u00edritu solidario. En este contexto, la 33\u00aa Fiesta Nacional del Chamam\u00e9 iniciar\u00e1 enero con las actividades del ciclo denominado \u201cChamam\u00e9 con todos\u201d.<\/p>\n\n\n\n<p>\u201cComo hace m\u00e1s de una d\u00e9cada la organizaci\u00f3n de la Fiesta plantea la festividad como una propuesta participativa de todos los sectores, realzando el concepto esencial de esta cultura que el chamam\u00e9 es de todos, por todos y para todos\u201d, coment\u00f3 el director de la Fiesta Nacional del Chamam\u00e9, Eduardo S\u00edvori.<\/p>\n\n\n\n<p>En este contexto el funcionario provincial resalt\u00f3 que el lema \u201cGrito de identidad\u201d tiene una estrecha relaci\u00f3n con esta mirada de la Fiesta y su manera de celebrarla.<\/p>\n\n\n\n<p>\u201cLa propuesta es llevar un abrazo contenedor, el mensaje de esperanza y una propuesta de inclusi\u00f3n para aquellas personas que no pueden participar en las distintas actividades que propone la Fiesta, y por ello tomamos la iniciativa de compartir con ellos un momento fraternal a puro chamam\u00e9\u201d.<\/p>\n\n\n\n<p>Con el acompa\u00f1amiento de distintos organismos provinciales, el ciclo visitar\u00e1 con propuestas culturales distintas instituciones como hospitales y centros de salud, residencia para adultos mayores, unidades penales, centros de contenci\u00f3n social, comedores y merenderos, entre otros.<\/p>\n\n\n\n<p>Adem\u00e1s, se sumar\u00e1n las propuestas de Retretas Chamameceras, Serenatas al r\u00edo, cuadros coreogr\u00e1ficos, flash mob y pe\u00f1as, entre otras alternativas que iniciar\u00e1n en diciembre y continuar\u00e1n durante la primera quincena de enero. Las intervenciones se extender\u00e1n a distintas localidades del interior con el acompa\u00f1amiento de los respectivos municipios.<\/p>\n\n\n\n<p>De esta manera, el \u201cGrito de Identidad\u201d tendr\u00e1 una extensa agenda de propuestas para celebrar con todos la Fiesta Nacional del Chamam\u00e9.<\/p>\n\n\n\n<p>CRONOGRAMA CHAMAMECERO<\/p>\n\n\n\n<figure class=\"wp-block-table\"><table><tbody><tr><td><a>30 noviembre<\/a>a 3 diciembre<\/td><td>\u00b7<strong>6\u00b0 Festival Cultural do Chamam\u00e9 de Mato Grosso do Sul<\/strong>&nbsp;(MS). PRACA DO PAPA. Campo Grande (MS)<\/td><\/tr><tr><td>8 de diciembre<\/td><td>\u00b7Gran Final de las Pre Fiestas. (en Ctes \u2013 Capital)Inicio de los festejos de la Fiesta en Corrientes<\/td><\/tr><tr><td>&nbsp;16 de diciembre&nbsp;&nbsp;<\/td><td>\u00b7Celebraci\u00f3n 3er. Aniversario de la inclusi\u00f3n del Chamam\u00e9 en la lista representativa de Patrimonio Inmaterial de la Humanidad por UNESCO.<\/td><\/tr><tr><td>6 de enero\/2024&nbsp;&nbsp;<\/td><td>\u00b7Festejos de San Baltazar\u00b7Inicia \u201cChamam\u00e9 con todos\u201d:&nbsp;plazas, lugares p\u00fablicos, e&nbsp;instituciones (hospitales,&nbsp;hogares de adultos mayores y ni\u00f1os, lugares penitenciarios, )<\/td><\/tr><tr><td>8 de enero\/2024&nbsp;<\/td><td>\u00b7Conmemoraci\u00f3n en La Cruz Gil, \u201cen memoria Gauchito Gil\u201d.<\/td><\/tr><tr><td>12 al 21 de enero<\/td><td>Celebraci\u00f3n en Corrientes y todos los pueblos que decidan unirse:&nbsp;Celebraci\u00f3n de la Humanidad.&nbsp;\u00b7ANFITEATRO MARIO DEL TRANSITO COCOMAROLA\u00b7BAILANTAS\u00b7PE\u00d1AS<br><br>&nbsp;<\/td><\/tr><\/tbody><\/table><\/figure>\n\n\n\n<figure class=\"wp-block-image size-large\"><img loading=\"lazy\" decoding=\"async\" width=\"1024\" height=\"683\" src=\"https:\/\/corrientesdetarde.com\/wp-content\/uploads\/2023\/11\/image-177-1024x683.png\" alt=\"\" class=\"wp-image-100856\" srcset=\"https:\/\/corrientesdetarde.com\/wp-content\/uploads\/2023\/11\/image-177-1024x683.png 1024w, https:\/\/corrientesdetarde.com\/wp-content\/uploads\/2023\/11\/image-177-300x200.png 300w, https:\/\/corrientesdetarde.com\/wp-content\/uploads\/2023\/11\/image-177-768x512.png 768w, https:\/\/corrientesdetarde.com\/wp-content\/uploads\/2023\/11\/image-177-1536x1024.png 1536w, https:\/\/corrientesdetarde.com\/wp-content\/uploads\/2023\/11\/image-177.png 2048w\" sizes=\"auto, (max-width: 1024px) 100vw, 1024px\" \/><\/figure>\n\n\n\n<figure class=\"wp-block-image size-full\"><img loading=\"lazy\" decoding=\"async\" width=\"690\" height=\"460\" src=\"https:\/\/corrientesdetarde.com\/wp-content\/uploads\/2023\/11\/image-175.png\" alt=\"\" class=\"wp-image-100854\" srcset=\"https:\/\/corrientesdetarde.com\/wp-content\/uploads\/2023\/11\/image-175.png 690w, https:\/\/corrientesdetarde.com\/wp-content\/uploads\/2023\/11\/image-175-300x200.png 300w\" sizes=\"auto, (max-width: 690px) 100vw, 690px\" \/><\/figure>\n","protected":false},"excerpt":{"rendered":"<p>El Gobierno de Corrientes, a trav\u00e9s del Instituto de Cultura, avanza en la diagramaci\u00f3n de las actividades oficiales de la 33\u00b0 Fiesta Nacional del Chamam\u00e9 19\u00b0 del Mercosur y 3\u00b0&hellip; <\/p>\n","protected":false},"author":8,"featured_media":100855,"comment_status":"closed","ping_status":"open","sticky":false,"template":"","format":"standard","meta":{"footnotes":""},"categories":[15],"tags":[],"class_list":["post-100853","post","type-post","status-publish","format-standard","has-post-thumbnail","hentry","category-cultura"],"_links":{"self":[{"href":"https:\/\/corrientesdetarde.com\/index.php\/wp-json\/wp\/v2\/posts\/100853","targetHints":{"allow":["GET"]}}],"collection":[{"href":"https:\/\/corrientesdetarde.com\/index.php\/wp-json\/wp\/v2\/posts"}],"about":[{"href":"https:\/\/corrientesdetarde.com\/index.php\/wp-json\/wp\/v2\/types\/post"}],"author":[{"embeddable":true,"href":"https:\/\/corrientesdetarde.com\/index.php\/wp-json\/wp\/v2\/users\/8"}],"replies":[{"embeddable":true,"href":"https:\/\/corrientesdetarde.com\/index.php\/wp-json\/wp\/v2\/comments?post=100853"}],"version-history":[{"count":1,"href":"https:\/\/corrientesdetarde.com\/index.php\/wp-json\/wp\/v2\/posts\/100853\/revisions"}],"predecessor-version":[{"id":100857,"href":"https:\/\/corrientesdetarde.com\/index.php\/wp-json\/wp\/v2\/posts\/100853\/revisions\/100857"}],"wp:featuredmedia":[{"embeddable":true,"href":"https:\/\/corrientesdetarde.com\/index.php\/wp-json\/wp\/v2\/media\/100855"}],"wp:attachment":[{"href":"https:\/\/corrientesdetarde.com\/index.php\/wp-json\/wp\/v2\/media?parent=100853"}],"wp:term":[{"taxonomy":"category","embeddable":true,"href":"https:\/\/corrientesdetarde.com\/index.php\/wp-json\/wp\/v2\/categories?post=100853"},{"taxonomy":"post_tag","embeddable":true,"href":"https:\/\/corrientesdetarde.com\/index.php\/wp-json\/wp\/v2\/tags?post=100853"}],"curies":[{"name":"wp","href":"https:\/\/api.w.org\/{rel}","templated":true}]}}