{"id":100865,"date":"2023-11-08T14:46:48","date_gmt":"2023-11-08T17:46:48","guid":{"rendered":"https:\/\/corrientesdetarde.com\/?p=100865"},"modified":"2023-11-08T14:46:53","modified_gmt":"2023-11-08T17:46:53","slug":"javier-milei-se-presento-como-querellante-en-la-causa-por-espionaje-ilegal-k","status":"publish","type":"post","link":"https:\/\/corrientesdetarde.com\/index.php\/politica\/javier-milei-se-presento-como-querellante-en-la-causa-por-espionaje-ilegal-k\/","title":{"rendered":"Javier Milei se present\u00f3 como querellante en la causa por espionaje ilegal K"},"content":{"rendered":"\n<p>El candidato presidencial de La Libertad Avanza figura en el expediente como una de las v\u00edctimas que habr\u00edan sido seguidas por esp\u00edas. En la investigaci\u00f3n est\u00e1 detenido el expolic\u00eda Ariel Zanchetta, que tiene v\u00ednculos con dirigentes kirchneristas.<\/p>\n\n\n\n<p>El candidato a presidente por La Libertad Avanza,\u00a0<strong>Javier Milei,<\/strong>\u00a0se present\u00f3 como querellante en la causa que lo tiene como una de las v\u00edctimas de espionaje por parte de\u00a0<strong>Ariel Zanchetta,\u00a0<\/strong>el ex sargento de la Polic\u00eda Federal, al que adem\u00e1s le detectaron\u00a0<strong>v\u00ednculos\u00a0<\/strong>con un diputado nacional del kirchnerismo y un hombre fuerte de\u00a0<strong>La C\u00e1mpora,\u00a0<\/strong>organizaci\u00f3n liderada por\u00a0M\u00e1ximo Kirchner.<\/p>\n\n\n\n<p>Se trata del ex polic\u00eda que tuvo v\u00ednculos con Fabi\u00e1n &#8220;Conu&#8221; Rodr\u00edguez,\u00a0actual funcionario de la AFIP y ex Subsecretario de Coordinaci\u00f3n de Medios del Gobierno Bonaerense, y con el diputado kirchnerista,\u00a0<strong>Rodolfo Tailhade.<\/strong><\/p>\n\n\n\n<p>Milei plante\u00f3 en la presentaci\u00f3n, a trav\u00e9s del abogado Francisco Oneto: \u201cVengo a promover criminal querella contra Zanchetta y quienes sean sus c\u00f3mplices, encubridores o instigadores\u201d.<\/p>\n\n\n\n<p>La presentaci\u00f3n se hizo ante el juez federal,&nbsp;<strong>Marcelo Mart\u00ednez de Giorgi,<\/strong>&nbsp;que lleva adelante la causa junto con el fiscal,&nbsp;<strong>Gerardo Pollicita,<\/strong>&nbsp;y en la que est\u00e1 mencionado Tailhade, imputado Rodr\u00edguez y detenido Zanchetta, con prisi\u00f3n preventiva.<\/p>\n\n\n\n<p>Una de las decisiones que debe tomar el juez es<strong>&nbsp;si le concede o no&nbsp;<\/strong>el rol de querellante a Milei y tambi\u00e9n a su excandidata a gobernadora bonaerense,&nbsp;<strong>Carolina Piparo,&nbsp;<\/strong>que hizo este pedido. De ser as\u00ed se les permitir\u00e1 formular acusaci\u00f3n y tener<strong>&nbsp;acceso al expediente,<\/strong>&nbsp;a la par de solicitar medidas de prueba.<\/p>\n\n\n\n<h2 class=\"wp-block-heading\">Extorsi\u00f3n y \u201cobjetivos\u201d: as\u00ed era la mec\u00e1nica de Ariel Zanchetta con las maniobras de espionaje ilegal<\/h2>\n\n\n\n<p>Seg\u00fan describi\u00f3 el fiscal en el dictamen de 143 p\u00e1ginas al que se accedi\u00f3,\u00a0el acusado se desempe\u00f1\u00f3 durante 25 a\u00f1os como agente de la Polic\u00eda Federal Argentina(desde el 1988 hasta el 2013). Durante esos a\u00f1os logr\u00f3 formarse en actividades de inteligencia. Incluso estudi\u00f3 en el Instituto Universitario de la Polic\u00eda Federal Argentina y en contrainteligencia en la \u201cEscuela del Cuerpo Federal de Inteligencia de la PFA\u201d.<\/p>\n\n\n\n<p>En 2015 fue designado como polic\u00eda \u201cinorg\u00e1nico\u201d en la&nbsp;<strong>Secretar\u00eda de Inteligencia de la Naci\u00f3n.&nbsp;<\/strong>En ese rol habr\u00eda ejercido el espionaje a pedido de funcionarios de este organismo. Pero los contactos con pol\u00edticos del kirchnerismo los hizo cuando ese mismo a\u00f1o pudo entrar a la C\u00e1mara de Diputados de la Naci\u00f3n, en la comisi\u00f3n de seguridad, como asesor.<\/p>\n\n\n\n<p>El fiscal explic\u00f3: \u201cLas actividades il\u00edcitas desarrolladas por la&nbsp;<strong>asociaci\u00f3n criminal<\/strong>&nbsp;investigada no se habr\u00edan limitado solamente a funcionarios del Poder Judicial, sino que se habr\u00eda tratado de una<strong>&nbsp;red de espionaje m\u00e1s amplia&nbsp;<\/strong>cuya actividad habr\u00eda tenido como \u2018objetivos\u2019 a cientos de personas, como pol\u00edticos, magistrados, funcionarios p\u00fablicos, periodistas, empresarios, artistas, dirigentes sociales, deportivos y sindicales, entre otros\u201d.<\/p>\n","protected":false},"excerpt":{"rendered":"<p>El candidato presidencial de La Libertad Avanza figura en el expediente como una de las v\u00edctimas que habr\u00edan sido seguidas por esp\u00edas. En la investigaci\u00f3n est\u00e1 detenido el expolic\u00eda Ariel&hellip; <\/p>\n","protected":false},"author":8,"featured_media":100866,"comment_status":"closed","ping_status":"open","sticky":false,"template":"","format":"standard","meta":{"footnotes":""},"categories":[3],"tags":[],"class_list":["post-100865","post","type-post","status-publish","format-standard","has-post-thumbnail","hentry","category-politica"],"_links":{"self":[{"href":"https:\/\/corrientesdetarde.com\/index.php\/wp-json\/wp\/v2\/posts\/100865","targetHints":{"allow":["GET"]}}],"collection":[{"href":"https:\/\/corrientesdetarde.com\/index.php\/wp-json\/wp\/v2\/posts"}],"about":[{"href":"https:\/\/corrientesdetarde.com\/index.php\/wp-json\/wp\/v2\/types\/post"}],"author":[{"embeddable":true,"href":"https:\/\/corrientesdetarde.com\/index.php\/wp-json\/wp\/v2\/users\/8"}],"replies":[{"embeddable":true,"href":"https:\/\/corrientesdetarde.com\/index.php\/wp-json\/wp\/v2\/comments?post=100865"}],"version-history":[{"count":1,"href":"https:\/\/corrientesdetarde.com\/index.php\/wp-json\/wp\/v2\/posts\/100865\/revisions"}],"predecessor-version":[{"id":100867,"href":"https:\/\/corrientesdetarde.com\/index.php\/wp-json\/wp\/v2\/posts\/100865\/revisions\/100867"}],"wp:featuredmedia":[{"embeddable":true,"href":"https:\/\/corrientesdetarde.com\/index.php\/wp-json\/wp\/v2\/media\/100866"}],"wp:attachment":[{"href":"https:\/\/corrientesdetarde.com\/index.php\/wp-json\/wp\/v2\/media?parent=100865"}],"wp:term":[{"taxonomy":"category","embeddable":true,"href":"https:\/\/corrientesdetarde.com\/index.php\/wp-json\/wp\/v2\/categories?post=100865"},{"taxonomy":"post_tag","embeddable":true,"href":"https:\/\/corrientesdetarde.com\/index.php\/wp-json\/wp\/v2\/tags?post=100865"}],"curies":[{"name":"wp","href":"https:\/\/api.w.org\/{rel}","templated":true}]}}