{"id":100868,"date":"2023-11-08T14:49:45","date_gmt":"2023-11-08T17:49:45","guid":{"rendered":"https:\/\/corrientesdetarde.com\/?p=100868"},"modified":"2023-11-08T14:49:57","modified_gmt":"2023-11-08T17:49:57","slug":"brasil-detuvieron-a-dos-presuntos-terroristas-de-hezbollah-que-planeaban-atentados-contra-la-comunidad-judia","status":"publish","type":"post","link":"https:\/\/corrientesdetarde.com\/index.php\/internacionales\/brasil-detuvieron-a-dos-presuntos-terroristas-de-hezbollah-que-planeaban-atentados-contra-la-comunidad-judia\/","title":{"rendered":"Brasil: detuvieron a dos presuntos terroristas de Hezbollah que planeaban atentados contra la comunidad jud\u00eda"},"content":{"rendered":"\n<p>Adem\u00e1s, la polic\u00eda lanz\u00f3 11 \u00f3rdenes de b\u00fasqueda en varias localidades. Los sospechosos ten\u00edan en la mira edificios de la comunidad jud\u00eda y sinagogas.<\/p>\n\n\n\n<p>La Polic\u00eda Federal brasile\u00f1a lanz\u00f3 una operaci\u00f3n contra&nbsp;<strong>terroristas vinculados al grupo radical liban\u00e9s Hezbollah<\/strong>. Detuvieron a dos personas y se ejecutaron 11 \u00f3rdenes de allanamiento en San Pablo, Minas Gerais y el Distrito Federal,<\/p>\n\n\n\n<p>Seg\u00fan indic\u00f3 el diario\u00a0<em>O Globo<\/em>, el grupo planeaba llevar a cabo\u00a0<strong>ataques contra edificios de la comunidad jud\u00eda en Brasil<\/strong>, incluidas sinagogas. Los dos prisioneros son ciudadanos brasile\u00f1os y se emitieron solicitudes de detenci\u00f3n contra dos personas que se encuentran en el L\u00edbano.<\/p>\n\n\n\n<p>Seg\u00fan el medio brasile\u00f1o, que cita a fuentes investigativas, los sospechosos fueron<strong>&nbsp;financiados y reclutados por el grupo terrorista liban\u00e9s<\/strong>.<\/p>\n\n\n\n<p>Uno de los sospechoso fue detenido en el&nbsp;<strong>aeropuerto de Guarulhos<\/strong>, en S\u00e3o Paulo, al llegar a Brasil desde El L\u00edbano. La polic\u00eda cree que lleg\u00f3 con informaci\u00f3n para realizar los ataques. El otro detenido fue arrestado en San Pablo.<\/p>\n\n\n\n<figure class=\"wp-block-image\"><img decoding=\"async\" src=\"https:\/\/tn.com.ar\/resizer\/jMrfXAvqBh8_cOZz3AD2_5Vda84=\/767x0\/smart\/filters:format(webp)\/cloudfront-us-east-1.images.arcpublishing.com\/artear\/HWUJFSTITIDCVMZNZWTVQBDB7A.jpg\" alt=\"Seguidores del Hezbollah participan de un acto en Beirut. (Foto: REUTERS\/Mohamed Azakir).\n\"\/><\/figure>\n\n\n\n<p>Bautizada como&nbsp;<strong>Operaci\u00f3n Trapiche<\/strong>, el operativo \u201ctiene el objetivo de desbaratar actos de terrorismo y obtener pruebas del posible reclutamiento de brasile\u00f1os para llevar a cabo actos extremistas en el pa\u00eds\u201d, indicaron las autoridades en un comunicado.<\/p>\n\n\n\n<p>Los sospechosos fueron acusados de los delitos de formar o unirse a una organizaci\u00f3n terrorista y llevar a cabo actos preparatorios de terrorismo, por los que podr\u00edan ser condenados a hasta 15 a\u00f1os de prisi\u00f3n.<\/p>\n\n\n\n<p>Brasil alberga la comunidad jud\u00eda m\u00e1s antigua de Am\u00e9rica. Jud\u00edos sefard\u00edes fundaron la primera sinagoga del continente en&nbsp;<strong>Recife<\/strong>&nbsp;en 1636. Seg\u00fan cifras del gobierno israel\u00ed,&nbsp;<strong>Brasil alberga la novena comunidad jud\u00eda m\u00e1s grande del mundo<\/strong>&nbsp;fuera de Israel, con&nbsp;<strong>91.000 personas<\/strong>.<\/p>\n\n\n\n<p>La detenci\u00f3n de los sospechosos ocurri\u00f3 en medio de la tensi\u00f3n por el conflicto entre Israel y el grupo islamista palestino Hamas\u00a0en Medio Oriente, que ya lleva m\u00e1s de un mes. D\u00edas atr\u00e1s, el l\u00edder del Hezbollah, Hassan Nasrallah\u00a0amenazo con una &#8221; guerra total&#8221; contra Israel.<\/p>\n\n\n\n<p>M\u00e1s de 1400 personas fueron masacradas el 7 de agosto en el sur de Israel en el brutal ataque de Hamas que inici\u00f3 la guerra. La incursi\u00f3n terrestre del Ej\u00e9rcito israel\u00ed dentro del enclave palestino lleg\u00f3 el martes\u00a0<strong>hasta la ciudad de Gaza<\/strong>, algo in\u00e9dito en las \u00faltimas d\u00e9cadas, mientras que los incesantes bombardeos israel\u00edes, que comenzaron el mismo d\u00eda que la guerra, ya dejaron\u00a0<strong>m\u00e1s de 10.560 muertos en la Franja<\/strong>, la mayor\u00eda ni\u00f1os, mujeres y ancianos, as\u00ed como unos\u00a0<strong>26.500 heridos<\/strong>\u00a0y 2.550 desaparecidos.<\/p>\n\n\n\n<p>El canciller israel\u00ed, Eli Cohen, dijo este mi\u00e9rcoles que el conflicto que su pa\u00eds mantiene con Hamas en Gaza es \u201cla guerra del mundo libre\u201d, al hablar ante el Parlamento Europeo en Bruselas. \u201dEsta no es solo la guerra del Estado de Israel. Esta es la guerra del mundo libre. Necesitamos ganar esta guerra para asegurarnos de que Occidente no sea el pr\u00f3ximo, porque el terrorismo es como un c\u00e1ncer\u201d, expres\u00f3 Cohen.<\/p>\n\n\n\n<p>Israel no es atacado solo por Hamas, sino tambi\u00e9n por el grupo Yihad Isl\u00e1mica, \u201cpor Hezbollah en nuestra frontera norte y por los hut\u00edes de Yemen\u201d, se\u00f1al\u00f3 el diplom\u00e1tico. \u201cHay \u00fanicamente una cosa que los conecta a todos:&nbsp;<strong>Ir\u00e1n<\/strong>. Ir\u00e1n es el financista n\u00famero uno del terror\u201d, asegur\u00f3 Cohen, en declaraciones reproducidas por la agencia de noticias&nbsp;<em>AFP<\/em>.<\/p>\n","protected":false},"excerpt":{"rendered":"<p>Adem\u00e1s, la polic\u00eda lanz\u00f3 11 \u00f3rdenes de b\u00fasqueda en varias localidades. Los sospechosos ten\u00edan en la mira edificios de la comunidad jud\u00eda y sinagogas. La Polic\u00eda Federal brasile\u00f1a lanz\u00f3 una&hellip; <\/p>\n","protected":false},"author":8,"featured_media":100869,"comment_status":"closed","ping_status":"open","sticky":false,"template":"","format":"standard","meta":{"footnotes":""},"categories":[11],"tags":[],"class_list":["post-100868","post","type-post","status-publish","format-standard","has-post-thumbnail","hentry","category-internacionales"],"_links":{"self":[{"href":"https:\/\/corrientesdetarde.com\/index.php\/wp-json\/wp\/v2\/posts\/100868","targetHints":{"allow":["GET"]}}],"collection":[{"href":"https:\/\/corrientesdetarde.com\/index.php\/wp-json\/wp\/v2\/posts"}],"about":[{"href":"https:\/\/corrientesdetarde.com\/index.php\/wp-json\/wp\/v2\/types\/post"}],"author":[{"embeddable":true,"href":"https:\/\/corrientesdetarde.com\/index.php\/wp-json\/wp\/v2\/users\/8"}],"replies":[{"embeddable":true,"href":"https:\/\/corrientesdetarde.com\/index.php\/wp-json\/wp\/v2\/comments?post=100868"}],"version-history":[{"count":1,"href":"https:\/\/corrientesdetarde.com\/index.php\/wp-json\/wp\/v2\/posts\/100868\/revisions"}],"predecessor-version":[{"id":100870,"href":"https:\/\/corrientesdetarde.com\/index.php\/wp-json\/wp\/v2\/posts\/100868\/revisions\/100870"}],"wp:featuredmedia":[{"embeddable":true,"href":"https:\/\/corrientesdetarde.com\/index.php\/wp-json\/wp\/v2\/media\/100869"}],"wp:attachment":[{"href":"https:\/\/corrientesdetarde.com\/index.php\/wp-json\/wp\/v2\/media?parent=100868"}],"wp:term":[{"taxonomy":"category","embeddable":true,"href":"https:\/\/corrientesdetarde.com\/index.php\/wp-json\/wp\/v2\/categories?post=100868"},{"taxonomy":"post_tag","embeddable":true,"href":"https:\/\/corrientesdetarde.com\/index.php\/wp-json\/wp\/v2\/tags?post=100868"}],"curies":[{"name":"wp","href":"https:\/\/api.w.org\/{rel}","templated":true}]}}