{"id":100884,"date":"2023-11-08T15:19:26","date_gmt":"2023-11-08T18:19:26","guid":{"rendered":"https:\/\/corrientesdetarde.com\/?p=100884"},"modified":"2023-11-08T15:19:38","modified_gmt":"2023-11-08T18:19:38","slug":"espionaje-a-jueces-adepa-repudio-a-rodolfo-tailhade-por-sus-acusaciones-contra-periodistas","status":"publish","type":"post","link":"https:\/\/corrientesdetarde.com\/index.php\/politica\/espionaje-a-jueces-adepa-repudio-a-rodolfo-tailhade-por-sus-acusaciones-contra-periodistas\/","title":{"rendered":"Espionaje a jueces: ADEPA repudi\u00f3 a Rodolfo Tailhade por sus acusaciones contra periodistas"},"content":{"rendered":"\n<p>La Asociaci\u00f3n de Entidades Period\u00edsticas Argentinas dio a conocer un comunicado en el que conden\u00f3 las afirmaciones del diputado ultra K.<\/p>\n\n\n\n<p>La<strong>\u00a0Asociaci\u00f3n de Entidades Period\u00edsticas Argentinas (ADEPA)<\/strong>\u00a0public\u00f3 este mi\u00e9rcoles un comunicado en repudio a las acusaciones formuladas por Rodolfo Tailhade\u00a0contra periodistas en medio del esc\u00e1ndalo por el\u00a0<strong>espionaje a jueces<\/strong>.<\/p>\n\n\n\n<p>\u201cADEPA deplora las expresiones del diputado nacional Rodolfo Tailhade en las que\u00a0<strong>acus\u00f3 a diversos periodistas de \u2018responder\u2019 a un funcionario de la Corte Suprema de la Naci\u00f3n y de realizar \u2018operaciones y maniobras\u2019\u00a0<\/strong>para descalificar el juicio pol\u00edtico al M\u00e1ximo Tribunal\u201d, mencion\u00f3 la entidad.<\/p>\n\n\n\n<figure class=\"wp-block-image size-large\"><img loading=\"lazy\" decoding=\"async\" width=\"1024\" height=\"365\" src=\"https:\/\/corrientesdetarde.com\/wp-content\/uploads\/2023\/11\/image-183-1024x365.png\" alt=\"\" class=\"wp-image-100885\" srcset=\"https:\/\/corrientesdetarde.com\/wp-content\/uploads\/2023\/11\/image-183-1024x365.png 1024w, https:\/\/corrientesdetarde.com\/wp-content\/uploads\/2023\/11\/image-183-300x107.png 300w, https:\/\/corrientesdetarde.com\/wp-content\/uploads\/2023\/11\/image-183-768x274.png 768w, https:\/\/corrientesdetarde.com\/wp-content\/uploads\/2023\/11\/image-183.png 1440w\" sizes=\"auto, (max-width: 1024px) 100vw, 1024px\" \/><\/figure>\n\n\n\n<p>En las \u00faltimas horas, la Justicia comprob\u00f3 los contactos entre el esp\u00eda preso y el diputado K, y accedi\u00f3 a una serie de chats en los que tambi\u00e9n est\u00e1 involucrado el operador de La C\u00e1mpora y vocero cercano a Cristina Kirchner, Fabi\u00e1n &#8220;Conu&#8221; Rodr\u00edguez.<\/p>\n\n\n\n<h2 class=\"wp-block-heading\">\u201cA Zanchetta no lo conozco\u201d<\/h2>\n\n\n\n<p>Sin embargo, Tailhade intent\u00f3 despegarse del esc\u00e1ndalo.<strong>&nbsp;\u201cEs todo una bola de humo, a Ariel Zanchetta no lo conozco\u201d<\/strong>, expres\u00f3 en relaci\u00f3n con el expolic\u00eda y esp\u00eda detenido por esta investigaci\u00f3n.<\/p>\n\n\n\n<p><strong>\u201cNo tengo la menor idea qui\u00e9n es<\/strong>, nunca le ped\u00ed informaci\u00f3n, nunca le compr\u00e9 nada\u201d. Adem\u00e1s, dijo que un compa\u00f1ero le pidi\u00f3 que atendiera \u201ca un periodista de Jun\u00edn (por Zanchetta) que quer\u00eda hacer notas\u201d y que le mandaba \u201cnotas de su portal\u201d.<\/p>\n\n\n\n<p>A su vez, el dirigente oficialista reconoci\u00f3 que tuvo contactos con el agente inorg\u00e1nico de la AFI: \u201cEfectivamente, esas comunicaciones existieron, son las \u00fanicas, hay mucha gente que me manda datos y yo los analizo\u201d.<\/p>\n\n\n\n<p>En declaraciones a&nbsp;<em>Radio Con Vos,&nbsp;<\/em>Tailhade dijo que no tiene \u201cabsolutamente nada que ver con alguna cuesti\u00f3n que est\u00e9 en el l\u00edmite de la democracia\u201d: \u201cNo me dedico al espionaje, no tengo ninguna ilegalidad en mi vida, los que s\u00ed son esp\u00edas son los macristas\u201d.<\/p>\n\n\n\n<p>El legislador oficialista es uno de los mencionados en el dictamen al que\u00a0tuvo acceso, en donde se detalla la mec\u00e1nica de la banda delictiva. Aunque\u00a0<strong>no fue imputado,<\/strong>\u00a0est\u00e1 en la mira de la Justicia y podr\u00eda ser llamado a declarar en los pr\u00f3ximos d\u00edas.<\/p>\n","protected":false},"excerpt":{"rendered":"<p>La Asociaci\u00f3n de Entidades Period\u00edsticas Argentinas dio a conocer un comunicado en el que conden\u00f3 las afirmaciones del diputado ultra K. La\u00a0Asociaci\u00f3n de Entidades Period\u00edsticas Argentinas (ADEPA)\u00a0public\u00f3 este mi\u00e9rcoles un&hellip; <\/p>\n","protected":false},"author":8,"featured_media":100886,"comment_status":"closed","ping_status":"open","sticky":false,"template":"","format":"standard","meta":{"footnotes":""},"categories":[3],"tags":[],"class_list":["post-100884","post","type-post","status-publish","format-standard","has-post-thumbnail","hentry","category-politica"],"_links":{"self":[{"href":"https:\/\/corrientesdetarde.com\/index.php\/wp-json\/wp\/v2\/posts\/100884","targetHints":{"allow":["GET"]}}],"collection":[{"href":"https:\/\/corrientesdetarde.com\/index.php\/wp-json\/wp\/v2\/posts"}],"about":[{"href":"https:\/\/corrientesdetarde.com\/index.php\/wp-json\/wp\/v2\/types\/post"}],"author":[{"embeddable":true,"href":"https:\/\/corrientesdetarde.com\/index.php\/wp-json\/wp\/v2\/users\/8"}],"replies":[{"embeddable":true,"href":"https:\/\/corrientesdetarde.com\/index.php\/wp-json\/wp\/v2\/comments?post=100884"}],"version-history":[{"count":1,"href":"https:\/\/corrientesdetarde.com\/index.php\/wp-json\/wp\/v2\/posts\/100884\/revisions"}],"predecessor-version":[{"id":100887,"href":"https:\/\/corrientesdetarde.com\/index.php\/wp-json\/wp\/v2\/posts\/100884\/revisions\/100887"}],"wp:featuredmedia":[{"embeddable":true,"href":"https:\/\/corrientesdetarde.com\/index.php\/wp-json\/wp\/v2\/media\/100886"}],"wp:attachment":[{"href":"https:\/\/corrientesdetarde.com\/index.php\/wp-json\/wp\/v2\/media?parent=100884"}],"wp:term":[{"taxonomy":"category","embeddable":true,"href":"https:\/\/corrientesdetarde.com\/index.php\/wp-json\/wp\/v2\/categories?post=100884"},{"taxonomy":"post_tag","embeddable":true,"href":"https:\/\/corrientesdetarde.com\/index.php\/wp-json\/wp\/v2\/tags?post=100884"}],"curies":[{"name":"wp","href":"https:\/\/api.w.org\/{rel}","templated":true}]}}