{"id":100888,"date":"2023-11-08T15:25:14","date_gmt":"2023-11-08T18:25:14","guid":{"rendered":"https:\/\/corrientesdetarde.com\/?p=100888"},"modified":"2023-11-08T15:25:18","modified_gmt":"2023-11-08T18:25:18","slug":"crece-la-tension-entre-massa-y-maximo-kirchner-por-los-escandalos-que-complican-la-campana-oficialista","status":"publish","type":"post","link":"https:\/\/corrientesdetarde.com\/index.php\/nacionales\/crece-la-tension-entre-massa-y-maximo-kirchner-por-los-escandalos-que-complican-la-campana-oficialista\/","title":{"rendered":"Crece la tensi\u00f3n entre Massa y M\u00e1ximo Kirchner por los esc\u00e1ndalos que complican la campa\u00f1a oficialista"},"content":{"rendered":"\n<p>El candidato presidencial de Uni\u00f3n por la Patria est\u00e1 furioso con el l\u00edder de La C\u00e1mpora, cuyos dirigentes tienen vinculaci\u00f3n con todas las pol\u00e9micas que tuvieron lugar en las \u00faltimas semanas y que impactan en su imagen en la previa a la segunda vuelta electoral.<\/p>\n\n\n\n<p><strong>\u201cJarr\u00f3n chino\u201d<\/strong>\u00a0es una frase del expresidente de Espa\u00f1a,<strong>\u00a0Felipe Gonz\u00e1lez,<\/strong>\u00a0que dijo que \u201ctodos dicen que es valioso, pero nadie sabe<strong>\u00a0a d\u00f3nde ponerlo\u201d\u00a0<\/strong>porque molesta y se populariz\u00f3 en la pol\u00edtica. Esta figura podr\u00eda aplicarse al l\u00edder de La C\u00e1mpora,\u00a0M\u00e1ximo Kirchner,\u00a0con quien tiene una gran\u00a0<strong>furia\u00a0<\/strong>el candidato presidencial de Uni\u00f3n por la Patria,\u00a0<strong>Sergio Massa,<\/strong>\u00a0por las complicaciones que le generan en el tramo final de la campa\u00f1a, previo al balotaje, los fuertes esc\u00e1ndalos en los que est\u00e1n involucrados dirigentes vinculados con el hijo de la vice, Cristina Kirchner.<\/p>\n\n\n\n<p>Entre las pol\u00e9micas que involucran a la organizaci\u00f3n K est\u00e1n el\u00a0falta de nafta,\u00a0que hizo que Massa bajara en las encuestas, como anticip\u00f3\u00a0<strong>,<\/strong>\u00a0de acuerdo a los sondeos. La petrolera estatal est\u00e1 manejada por dirigentes de La C\u00e1mpora, encabezada por M\u00e1ximo Kirchner, que le advirti\u00f3 a su madre: \u201cSi Sergio gana nos va a cagar\u201d.<\/p>\n\n\n\n<p>Sumado a los esc\u00e1ndalos que involucran al oficialismo como el\u00a0<strong>\u201cYategate\u201d,<\/strong>\u00a0por las lujosas vacaciones del exjefe de Gabinete bonaerense,\u00a0Mart\u00edn Insaurralde<strong>,<\/strong>\u00a0con la modelo,\u00a0<strong>Sof\u00eda Clerici,<\/strong>\u00a0en un yate en Marbella, Espa\u00f1a. El intendente de Lomas de Zamora en uso de licencia es<strong>\u00a0socio pol\u00edtico<\/strong>\u00a0de M\u00e1ximo Kirchner, y fue su \u201cinterventor\u201d en el gobierno de\u00a0Axel Kicillof.<\/p>\n\n\n\n<p>El \u00faltimo esc\u00e1ndalo que complica a la campa\u00f1a de Massa es el que se desat\u00f3 con la investigaci\u00f3n por\u00a0<strong>espionaje ilegal<\/strong>\u00a0a un grupo de jueces, entre ellos integrantes de la Corte Suprema, adem\u00e1s de pol\u00edticos, sindicalistas y periodistas, que involucra entre otros al diputado nacional del kirchnerismo duro,\u00a0<strong>Rodolfo Tailhade,<\/strong>\u00a0y al integrante de La C\u00e1mpora,\u00a0Fabi\u00e1n &#8221; Conu &#8221; Rodr\u00edguez,\u00a0uno de los operadores medi\u00e1ticos de m\u00e1xima confianza de Cristina y M\u00e1ximo Kirchner.<\/p>\n\n\n\n<p>Rodr\u00edguez es el encargado de la comunicaci\u00f3n de\u00a0<strong>La C\u00e1mpora<\/strong>\u00a0desde hace m\u00e1s de diez a\u00f1os, fue gerente period\u00edstico de la agencia oficial de noticias\u00a0<em>T\u00e9lam,<\/em>\u00a0y luego presidente del organismo. Actualmente, ocupa un alto cargo en la Administraci\u00f3n Federal de Ingresos P\u00fablicos (AFIP), en la que en los hechos es \u201cdelegado\u201d del jefe de La C\u00e1mpora en esa dependencia, que concentra datos sensibles de la ciudadan\u00eda.<\/p>\n\n\n\n<h2 class=\"wp-block-heading\">El impacto en la campa\u00f1a del oficialismo del faltante de naftas, en vista al balotaje<\/h2>\n\n\n\n<p>El&nbsp;<strong>faltante de nafta&nbsp;<\/strong>que afect\u00f3 a todo el pa\u00eds a principios de octubre incidi\u00f3 en el humor social y l\u00f3gicamente se reflej\u00f3 en las encuestas, cuando faltan menos de dos semanas para definir al pr\u00f3ximo presidente en el&nbsp;<strong>balotaje.<\/strong><\/p>\n\n\n\n<ul class=\"wp-block-list\"><li>En esos d\u00edas el equipo de Massa encarg\u00f3 encuestas que advert\u00edan que hab\u00eda tenido ca\u00eddas por el desabastecimiento de combustibles, que lo daban uno o dos puntos por debajo de su rival de La Libertad Avanza, Javier Milei\u00a0y luego se normalizaron.<\/li><li>El oficialista apostar\u00e1 al\u00a0debate presidencial del pr\u00f3ximo 12 de noviembre, como anticip\u00f3<strong>\u00a0,<\/strong>\u00a0para tratar de revertir la diferencia con el libertario, al que sus sondeos le dan un margen mayor que a Massa, de acuerdo a las encuestas que maneja el l\u00edder de La Libertad Avanza.<\/li><li>Los estudios de opini\u00f3n p\u00fablica que maneja Milei lo dan como ganador por dos a tres puntos, o incluso por cuatro, siempre teniendo en cuenta\u00a0<strong>el margen de error.\u00a0<\/strong>Mientras que el l\u00edder del Frente Renovador les transmite a los suyos que se ubica por entre uno y tres puntos arriba, de acuerdo a los sondeos a los que los candidatos les dan valor.<\/li><\/ul>\n","protected":false},"excerpt":{"rendered":"<p>El candidato presidencial de Uni\u00f3n por la Patria est\u00e1 furioso con el l\u00edder de La C\u00e1mpora, cuyos dirigentes tienen vinculaci\u00f3n con todas las pol\u00e9micas que tuvieron lugar en las \u00faltimas&hellip; <\/p>\n","protected":false},"author":8,"featured_media":100889,"comment_status":"closed","ping_status":"open","sticky":false,"template":"","format":"standard","meta":{"footnotes":""},"categories":[10],"tags":[],"class_list":["post-100888","post","type-post","status-publish","format-standard","has-post-thumbnail","hentry","category-nacionales"],"_links":{"self":[{"href":"https:\/\/corrientesdetarde.com\/index.php\/wp-json\/wp\/v2\/posts\/100888","targetHints":{"allow":["GET"]}}],"collection":[{"href":"https:\/\/corrientesdetarde.com\/index.php\/wp-json\/wp\/v2\/posts"}],"about":[{"href":"https:\/\/corrientesdetarde.com\/index.php\/wp-json\/wp\/v2\/types\/post"}],"author":[{"embeddable":true,"href":"https:\/\/corrientesdetarde.com\/index.php\/wp-json\/wp\/v2\/users\/8"}],"replies":[{"embeddable":true,"href":"https:\/\/corrientesdetarde.com\/index.php\/wp-json\/wp\/v2\/comments?post=100888"}],"version-history":[{"count":1,"href":"https:\/\/corrientesdetarde.com\/index.php\/wp-json\/wp\/v2\/posts\/100888\/revisions"}],"predecessor-version":[{"id":100894,"href":"https:\/\/corrientesdetarde.com\/index.php\/wp-json\/wp\/v2\/posts\/100888\/revisions\/100894"}],"wp:featuredmedia":[{"embeddable":true,"href":"https:\/\/corrientesdetarde.com\/index.php\/wp-json\/wp\/v2\/media\/100889"}],"wp:attachment":[{"href":"https:\/\/corrientesdetarde.com\/index.php\/wp-json\/wp\/v2\/media?parent=100888"}],"wp:term":[{"taxonomy":"category","embeddable":true,"href":"https:\/\/corrientesdetarde.com\/index.php\/wp-json\/wp\/v2\/categories?post=100888"},{"taxonomy":"post_tag","embeddable":true,"href":"https:\/\/corrientesdetarde.com\/index.php\/wp-json\/wp\/v2\/tags?post=100888"}],"curies":[{"name":"wp","href":"https:\/\/api.w.org\/{rel}","templated":true}]}}