{"id":10089,"date":"2022-10-10T18:28:05","date_gmt":"2022-10-10T21:28:05","guid":{"rendered":"https:\/\/corrientesdetarde.com\/?p=10089"},"modified":"2022-10-10T18:28:10","modified_gmt":"2022-10-10T21:28:10","slug":"corrientes-como-inscribirse-para-dar-transito-a-perros-gatos-y-caballos","status":"publish","type":"post","link":"https:\/\/corrientesdetarde.com\/index.php\/sociales\/corrientes-como-inscribirse-para-dar-transito-a-perros-gatos-y-caballos\/","title":{"rendered":"Corrientes: c\u00f3mo inscribirse para dar tr\u00e1nsito a perros, gatos y caballos"},"content":{"rendered":"\n<p>La Municipalidad cre\u00f3 el Registro de Tr\u00e1nsito para Animales en Situaci\u00f3n de Vulnerabilidad.\u00a0<\/p>\n\n\n\n<p>La Municipalidad de Corrientes inform\u00f3 este lunes que&nbsp;se cre\u00f3 el &#8220;Registro de Tr\u00e1nsito para Animales en Situaci\u00f3n de Vulnerabilidad\u201d, que pretende&nbsp;&nbsp;<strong>brindar soluciones inmediatas a animales que han sido v\u00edctimas de actos de maltrato, crueldad animal y\/o abandono.<\/strong><\/p>\n\n\n\n<p>El secretario de Coordinaci\u00f3n de Gobierno, Hugo Calvano, explic\u00f3 que, lo que se pretende con esta iniciativa es \u201cordenar &nbsp;y tener disponible un registro de personas que tienen predisposici\u00f3n para colaborar, ante situaciones extremas de maltrato o crueldad, de modo tal que se vincule directamente con estas personas que posean lugares seguros en los que est\u00e9n dadas las condiciones para poder cuidarlos, durante el tiempo que sea necesario\u201d.<\/p>\n\n\n\n<p>Quienes est\u00e9n interesados en dar tr\u00e1nsito a animales (perros, gatos y caballos) en condiciones de vulnerabilidad,&nbsp;&nbsp;<strong>deber\u00e1n completar un formulario<\/strong>&nbsp; en el que se comprometen a recibir los animales seg\u00fan las especificaciones que consignaron.&nbsp;<\/p>\n\n\n\n<p>Con ello, y previa evaluaci\u00f3n del equipo t\u00e9cnico, pasar\u00e1n a integrar el Registro de Tr\u00e1nsito para Animales en Condiciones de Vulnerabilidad.<\/p>\n\n\n\n<p>El formulario de inscripci\u00f3n, bases, condiciones y toda la informaci\u00f3n sobre el programa se encuentran en&nbsp;&nbsp;<strong><a href=\"https:\/\/ciudaddecorrientes.gov.ar\/transitoparaanimales\">www.ciudaddecorrientes.gov.ar\/transitoparaanimales.<\/a><\/strong><\/p>\n","protected":false},"excerpt":{"rendered":"<p>La Municipalidad cre\u00f3 el Registro de Tr\u00e1nsito para Animales en Situaci\u00f3n de Vulnerabilidad.\u00a0 La Municipalidad de Corrientes inform\u00f3 este lunes que&nbsp;se cre\u00f3 el &#8220;Registro de Tr\u00e1nsito para Animales en Situaci\u00f3n&hellip; <\/p>\n","protected":false},"author":3,"featured_media":10090,"comment_status":"closed","ping_status":"open","sticky":false,"template":"","format":"standard","meta":{"footnotes":""},"categories":[17],"tags":[],"class_list":["post-10089","post","type-post","status-publish","format-standard","has-post-thumbnail","hentry","category-sociales"],"_links":{"self":[{"href":"https:\/\/corrientesdetarde.com\/index.php\/wp-json\/wp\/v2\/posts\/10089","targetHints":{"allow":["GET"]}}],"collection":[{"href":"https:\/\/corrientesdetarde.com\/index.php\/wp-json\/wp\/v2\/posts"}],"about":[{"href":"https:\/\/corrientesdetarde.com\/index.php\/wp-json\/wp\/v2\/types\/post"}],"author":[{"embeddable":true,"href":"https:\/\/corrientesdetarde.com\/index.php\/wp-json\/wp\/v2\/users\/3"}],"replies":[{"embeddable":true,"href":"https:\/\/corrientesdetarde.com\/index.php\/wp-json\/wp\/v2\/comments?post=10089"}],"version-history":[{"count":1,"href":"https:\/\/corrientesdetarde.com\/index.php\/wp-json\/wp\/v2\/posts\/10089\/revisions"}],"predecessor-version":[{"id":10091,"href":"https:\/\/corrientesdetarde.com\/index.php\/wp-json\/wp\/v2\/posts\/10089\/revisions\/10091"}],"wp:featuredmedia":[{"embeddable":true,"href":"https:\/\/corrientesdetarde.com\/index.php\/wp-json\/wp\/v2\/media\/10090"}],"wp:attachment":[{"href":"https:\/\/corrientesdetarde.com\/index.php\/wp-json\/wp\/v2\/media?parent=10089"}],"wp:term":[{"taxonomy":"category","embeddable":true,"href":"https:\/\/corrientesdetarde.com\/index.php\/wp-json\/wp\/v2\/categories?post=10089"},{"taxonomy":"post_tag","embeddable":true,"href":"https:\/\/corrientesdetarde.com\/index.php\/wp-json\/wp\/v2\/tags?post=10089"}],"curies":[{"name":"wp","href":"https:\/\/api.w.org\/{rel}","templated":true}]}}