{"id":10092,"date":"2022-10-10T18:29:44","date_gmt":"2022-10-10T21:29:44","guid":{"rendered":"https:\/\/corrientesdetarde.com\/?p=10092"},"modified":"2022-10-10T18:29:47","modified_gmt":"2022-10-10T21:29:47","slug":"temperaturas-bajas-y-cielo-nublado-el-pronostico-para-esta-semana-en-corrientes","status":"publish","type":"post","link":"https:\/\/corrientesdetarde.com\/index.php\/informacion-general\/temperaturas-bajas-y-cielo-nublado-el-pronostico-para-esta-semana-en-corrientes\/","title":{"rendered":"Temperaturas bajas y cielo nublado: el pron\u00f3stico para esta semana en Corrientes"},"content":{"rendered":"\n<p>El Servicio Meteorol\u00f3gico Nacional adelant\u00f3 c\u00f3mo seguir\u00e1 el tiempo despu\u00e9s de los d\u00edas fr\u00edos.\u00a0<\/p>\n\n\n\n<p>Tras el fin de semana extra largo en donde se registraron algunas lluvias, calor y fresco, el Servicio Meteorol\u00f3gico Nacional (SMN) realiz\u00f3 su previsi\u00f3n de c\u00f3mo trascurrir\u00e1&nbsp;la semana en Corrientes.<\/p>\n\n\n\n<p>Al respecto inform\u00f3 que&nbsp;&nbsp;<strong>se esperan jornadas de ma\u00f1anas frescas en la capital correntina con m\u00e1ximas que no superar\u00e1n los 30 \u00baC y m\u00ednimas de 7 \u00baC.<\/strong><\/p>\n\n\n\n<p>Para el&nbsp;&nbsp;<strong>martes<\/strong>&nbsp; la amplitud t\u00e9rmica que se espera&nbsp;es de entre 10&nbsp;&nbsp;y 25 grados.<\/p>\n\n\n\n<p>El&nbsp;&nbsp;<strong>mi\u00e9rcoles<\/strong>&nbsp; se prev\u00e9&nbsp;una temperatura que rondar\u00e1&nbsp;entre los 12 \u00b0C a&nbsp; 26 \u00b0C.&nbsp;<\/p>\n\n\n\n<p>Entre tanto el&nbsp;<strong>&nbsp;jueves&nbsp;y&nbsp;viernes<\/strong>,&nbsp; las temperaturas m\u00ednimas se&nbsp;ubicar\u00e1n&nbsp;entre los 11 \u00b0C y 14 \u00b0C, respectivamente.<\/p>\n\n\n\n<p>Las m\u00e1ximas estar\u00e1n en los 25\u00ba y 28\u00ba para cada jornada, con cielos nubosos.<\/p>\n\n\n\n<p><strong>En cuanto a lluvias, no se esperan precipitaciones en los pr\u00f3ximos d\u00edas.&nbsp;<\/strong><\/p>\n\n\n\n<figure class=\"wp-block-image\"><img decoding=\"async\" src=\"https:\/\/pxc.cdn.ellitoral.com.ar\/litoral\/102022\/1665412500590.webp?cw=656&amp;ch=458&amp;extw=jpg\" alt=\"Temperaturas bajas y cielo nublado: el pron\u00f3stico para esta semana en Corrientes\"\/><\/figure>\n\n\n\n<p><strong>Sequ\u00edas en Corrientes<\/strong><\/p>\n\n\n\n<p>El SMN elabor\u00f3 un informe que refleja que en la&nbsp;&nbsp;<strong>provincia de Corrientes se mantendr\u00e1n las condiciones de sequ\u00eda&nbsp;<\/strong>para el \u00faltimo trimestre del 2022.<\/p>\n\n\n\n<p>En cuanto a las lluvias para este periodo,&nbsp;&nbsp;<strong>hay una mayor probabilidad de registrar precipitaciones inferiores a lo normales en Corrientes<\/strong>,&nbsp; Buenos Aires, Santa Fe, Entre R\u00edos, Misiones y el este de Chaco y de Formosa.<\/p>\n\n\n\n<p>Tambi\u00e9n pueden estar por debajo del promedio en C\u00f3rdoba, el oeste de San Luis y el oeste de Patagonia.<\/p>\n","protected":false},"excerpt":{"rendered":"<p>El Servicio Meteorol\u00f3gico Nacional adelant\u00f3 c\u00f3mo seguir\u00e1 el tiempo despu\u00e9s de los d\u00edas fr\u00edos.\u00a0 Tras el fin de semana extra largo en donde se registraron algunas lluvias, calor y fresco,&hellip; <\/p>\n","protected":false},"author":3,"featured_media":10093,"comment_status":"closed","ping_status":"open","sticky":false,"template":"","format":"standard","meta":{"footnotes":""},"categories":[1],"tags":[],"class_list":["post-10092","post","type-post","status-publish","format-standard","has-post-thumbnail","hentry","category-informacion-general"],"_links":{"self":[{"href":"https:\/\/corrientesdetarde.com\/index.php\/wp-json\/wp\/v2\/posts\/10092","targetHints":{"allow":["GET"]}}],"collection":[{"href":"https:\/\/corrientesdetarde.com\/index.php\/wp-json\/wp\/v2\/posts"}],"about":[{"href":"https:\/\/corrientesdetarde.com\/index.php\/wp-json\/wp\/v2\/types\/post"}],"author":[{"embeddable":true,"href":"https:\/\/corrientesdetarde.com\/index.php\/wp-json\/wp\/v2\/users\/3"}],"replies":[{"embeddable":true,"href":"https:\/\/corrientesdetarde.com\/index.php\/wp-json\/wp\/v2\/comments?post=10092"}],"version-history":[{"count":1,"href":"https:\/\/corrientesdetarde.com\/index.php\/wp-json\/wp\/v2\/posts\/10092\/revisions"}],"predecessor-version":[{"id":10094,"href":"https:\/\/corrientesdetarde.com\/index.php\/wp-json\/wp\/v2\/posts\/10092\/revisions\/10094"}],"wp:featuredmedia":[{"embeddable":true,"href":"https:\/\/corrientesdetarde.com\/index.php\/wp-json\/wp\/v2\/media\/10093"}],"wp:attachment":[{"href":"https:\/\/corrientesdetarde.com\/index.php\/wp-json\/wp\/v2\/media?parent=10092"}],"wp:term":[{"taxonomy":"category","embeddable":true,"href":"https:\/\/corrientesdetarde.com\/index.php\/wp-json\/wp\/v2\/categories?post=10092"},{"taxonomy":"post_tag","embeddable":true,"href":"https:\/\/corrientesdetarde.com\/index.php\/wp-json\/wp\/v2\/tags?post=10092"}],"curies":[{"name":"wp","href":"https:\/\/api.w.org\/{rel}","templated":true}]}}