{"id":10095,"date":"2022-10-10T20:17:31","date_gmt":"2022-10-10T23:17:31","guid":{"rendered":"https:\/\/corrientesdetarde.com\/?p=10095"},"modified":"2022-10-10T20:17:34","modified_gmt":"2022-10-10T23:17:34","slug":"dejo-de-funcionar-un-radar-y-hay-demoras-de-vuelos-en-aeroparque-y-ezeiza","status":"publish","type":"post","link":"https:\/\/corrientesdetarde.com\/index.php\/informacion-general\/dejo-de-funcionar-un-radar-y-hay-demoras-de-vuelos-en-aeroparque-y-ezeiza\/","title":{"rendered":"Dej\u00f3 de funcionar un radar y hay demoras de vuelos en Aeroparque y Ezeiza"},"content":{"rendered":"\n<p>En la vuelta del fin de semana largo, dej\u00f3 de funcionar un radar y\u00a0<strong>hay demoras en los vuelos que llegan y salen desde Aeroparque, Ezeiza y San Fernando<\/strong>.<\/p>\n\n\n\n<p>Se complica el regreso por el fin de semana largo por fallas en un radar de Ezeiza.<\/p>\n\n\n\n<p>&#8220;Los controladores trabajan de manera manual&#8221;, asegur\u00f3 Norberto Dupesso al canal TN. &#8220;Hay problemas con el radar secundario en Ezeiza, el Indra, que es espa\u00f1ol, que abarca tanto Ezeiza, Aeroparque como San Fernando. Es zonal&#8221;, indic\u00f3.<\/p>\n\n\n\n<p>El radar Indra reemplaz\u00f3 al Thompson, que hasta hace muy poco estaba en funcionamiento en Ezeiza pero qued\u00f3 desactualizado. &#8220;Ahora tuvo un inconveniente y afect\u00f3 a los vuelos&#8221; de las tres terminales a\u00e9reas, dijo Dupesso.<\/p>\n\n\n\n<p>Para paliar esta situaci\u00f3n, los controladores est\u00e1n realizando su trabajo de manera manual. &#8220;Tienen que hacer los c\u00e1lculos de velocidad, de distancia, de quienes est\u00e1n arribando al pa\u00eds. Est\u00e1n separando los vuelos y cada vez habr\u00e1 m\u00e1s distancia de separaci\u00f3n. Va a haber prioridad tanto en Aeroparque como en Ezeiza&#8221;, indic\u00f3.<\/p>\n\n\n\n<p>Por ello, se espera que la terminal a\u00e9rea m\u00e1s afectada ser\u00e1 la de San Fernando.<\/p>\n\n\n\n<p>&#8220;Ya hay desv\u00edos y cancelaciones&#8221;, dijo Dupesso. Algunos vuelos podr\u00edan ser desviados a aeropuertos alternativos como el de C\u00f3rdoba. Otros aviones est\u00e1n demorando la partida desde el interior.<\/p>\n\n\n\n<p>La situaci\u00f3n ocurre en un momento cr\u00edtico ante el regreso de miles de turistas que pasaron el fin de semana largo en distintos puntos del pa\u00eds.<\/p>\n","protected":false},"excerpt":{"rendered":"<p>En la vuelta del fin de semana largo, dej\u00f3 de funcionar un radar y\u00a0hay demoras en los vuelos que llegan y salen desde Aeroparque, Ezeiza y San Fernando. Se complica&hellip; <\/p>\n","protected":false},"author":3,"featured_media":10096,"comment_status":"closed","ping_status":"open","sticky":false,"template":"","format":"standard","meta":{"footnotes":""},"categories":[1],"tags":[],"class_list":["post-10095","post","type-post","status-publish","format-standard","has-post-thumbnail","hentry","category-informacion-general"],"_links":{"self":[{"href":"https:\/\/corrientesdetarde.com\/index.php\/wp-json\/wp\/v2\/posts\/10095","targetHints":{"allow":["GET"]}}],"collection":[{"href":"https:\/\/corrientesdetarde.com\/index.php\/wp-json\/wp\/v2\/posts"}],"about":[{"href":"https:\/\/corrientesdetarde.com\/index.php\/wp-json\/wp\/v2\/types\/post"}],"author":[{"embeddable":true,"href":"https:\/\/corrientesdetarde.com\/index.php\/wp-json\/wp\/v2\/users\/3"}],"replies":[{"embeddable":true,"href":"https:\/\/corrientesdetarde.com\/index.php\/wp-json\/wp\/v2\/comments?post=10095"}],"version-history":[{"count":1,"href":"https:\/\/corrientesdetarde.com\/index.php\/wp-json\/wp\/v2\/posts\/10095\/revisions"}],"predecessor-version":[{"id":10097,"href":"https:\/\/corrientesdetarde.com\/index.php\/wp-json\/wp\/v2\/posts\/10095\/revisions\/10097"}],"wp:featuredmedia":[{"embeddable":true,"href":"https:\/\/corrientesdetarde.com\/index.php\/wp-json\/wp\/v2\/media\/10096"}],"wp:attachment":[{"href":"https:\/\/corrientesdetarde.com\/index.php\/wp-json\/wp\/v2\/media?parent=10095"}],"wp:term":[{"taxonomy":"category","embeddable":true,"href":"https:\/\/corrientesdetarde.com\/index.php\/wp-json\/wp\/v2\/categories?post=10095"},{"taxonomy":"post_tag","embeddable":true,"href":"https:\/\/corrientesdetarde.com\/index.php\/wp-json\/wp\/v2\/tags?post=10095"}],"curies":[{"name":"wp","href":"https:\/\/api.w.org\/{rel}","templated":true}]}}