{"id":101010,"date":"2023-11-08T18:55:53","date_gmt":"2023-11-08T21:55:53","guid":{"rendered":"https:\/\/corrientesdetarde.com\/?p=101010"},"modified":"2023-11-08T18:56:05","modified_gmt":"2023-11-08T21:56:05","slug":"morales-abre-fuego-contra-milei-si-gana-no-vamos-a-poder-pagar-los-sueldos","status":"publish","type":"post","link":"https:\/\/corrientesdetarde.com\/index.php\/politica\/morales-abre-fuego-contra-milei-si-gana-no-vamos-a-poder-pagar-los-sueldos\/","title":{"rendered":"Morales abre fuego contra Milei: \u201cSi gana no vamos a poder pagar los sueldos\u201d"},"content":{"rendered":"\n<p>El dirigente radical lanz\u00f3 una serie de cr\u00edticas contra el candidato de La Libertad Avanza. Advirti\u00f3 que si gana el balotaje el pr\u00f3ximo 19 de noviembre, las provincias se van a ver afectadas por el plan que tiene Milei para recortar la coparticipaci\u00f3n.<\/p>\n\n\n\n<p>El gobernador de Jujuy y presidente de la UCR, Gerardo Morales, dispar\u00f3 contra el candidato a presidente de La Libertad Avanza, Javier Milei, por su propuesta de eliminar la coparticipaci\u00f3n federal, en el caso de imponerse en el balotaje contra el candidato de Uni\u00f3n por la Patria, Sergio Massa.<\/p>\n\n\n\n<p>En declaraciones a la prensa, sostuvo: \u201cCuidado, porque si gana Milei no vamos a poder pagar los sueldos de los empleados p\u00fablicos de enero, febrero, marzo y abril, por lo menos\u201d.<\/p>\n\n\n\n<p>Dicho esto remarco que esta situaci\u00f3n ocurrir\u00e1 \u201cporque, entre los temas que plantea el libertario es eliminar la Coparticipaci\u00f3n Federal. \u201cSi gana Milei, quiere dejar sin efecto la ley de Coparticipaci\u00f3n, por lo que menos a\u00fan va a querer arreglar los temas particulares que tenemos cada provincia y que debemos arreglar\u201d<\/p>\n\n\n\n<p>\u00bfGui\u00f1o para Massa?<\/p>\n\n\n\n<p>Para cerrar, el mandam\u00e1s dispar\u00f3: &#8220;No hay que descartar que las provincias tengan que pagar con bonos. Siempre se puede estar peor y con Milei vamos a estar peor. Cuidado con eso, cuidado con el salto al vac\u00edo. Una persona con desequilibrio emocional en la Presidencia ser\u00eda un peligro para todo el pueblo&#8221;.<\/p>\n\n\n\n<p>En esa l\u00ednea, record\u00f3 que \u201clos gobernadores del Norte Grande, ya tenemos un acuerdo con el ministro de Econom\u00eda Massa para que nos repongan a las provincias los recursos por la ca\u00edda por el impuesto a las Ganancias y del IVA, con un importante porcentaje del impuesto al Cheque\u201d.<\/p>\n","protected":false},"excerpt":{"rendered":"<p>El dirigente radical lanz\u00f3 una serie de cr\u00edticas contra el candidato de La Libertad Avanza. Advirti\u00f3 que si gana el balotaje el pr\u00f3ximo 19 de noviembre, las provincias se van&hellip; <\/p>\n","protected":false},"author":11,"featured_media":101011,"comment_status":"closed","ping_status":"open","sticky":false,"template":"","format":"standard","meta":{"footnotes":""},"categories":[26,3],"tags":[1235,99,336,281],"class_list":["post-101010","post","type-post","status-publish","format-standard","has-post-thumbnail","hentry","category-destacados","category-politica","tag-copaticipacion","tag-massa","tag-milei","tag-morales"],"_links":{"self":[{"href":"https:\/\/corrientesdetarde.com\/index.php\/wp-json\/wp\/v2\/posts\/101010","targetHints":{"allow":["GET"]}}],"collection":[{"href":"https:\/\/corrientesdetarde.com\/index.php\/wp-json\/wp\/v2\/posts"}],"about":[{"href":"https:\/\/corrientesdetarde.com\/index.php\/wp-json\/wp\/v2\/types\/post"}],"author":[{"embeddable":true,"href":"https:\/\/corrientesdetarde.com\/index.php\/wp-json\/wp\/v2\/users\/11"}],"replies":[{"embeddable":true,"href":"https:\/\/corrientesdetarde.com\/index.php\/wp-json\/wp\/v2\/comments?post=101010"}],"version-history":[{"count":1,"href":"https:\/\/corrientesdetarde.com\/index.php\/wp-json\/wp\/v2\/posts\/101010\/revisions"}],"predecessor-version":[{"id":101012,"href":"https:\/\/corrientesdetarde.com\/index.php\/wp-json\/wp\/v2\/posts\/101010\/revisions\/101012"}],"wp:featuredmedia":[{"embeddable":true,"href":"https:\/\/corrientesdetarde.com\/index.php\/wp-json\/wp\/v2\/media\/101011"}],"wp:attachment":[{"href":"https:\/\/corrientesdetarde.com\/index.php\/wp-json\/wp\/v2\/media?parent=101010"}],"wp:term":[{"taxonomy":"category","embeddable":true,"href":"https:\/\/corrientesdetarde.com\/index.php\/wp-json\/wp\/v2\/categories?post=101010"},{"taxonomy":"post_tag","embeddable":true,"href":"https:\/\/corrientesdetarde.com\/index.php\/wp-json\/wp\/v2\/tags?post=101010"}],"curies":[{"name":"wp","href":"https:\/\/api.w.org\/{rel}","templated":true}]}}