{"id":101016,"date":"2023-11-08T21:35:23","date_gmt":"2023-11-09T00:35:23","guid":{"rendered":"https:\/\/corrientesdetarde.com\/?p=101016"},"modified":"2023-11-08T21:35:28","modified_gmt":"2023-11-09T00:35:28","slug":"enzo-fernandez-conto-como-se-siente-despues-del-brutal-planchazo-de-cuti-romero","status":"publish","type":"post","link":"https:\/\/corrientesdetarde.com\/index.php\/deportes\/enzo-fernandez-conto-como-se-siente-despues-del-brutal-planchazo-de-cuti-romero\/","title":{"rendered":"Enzo Fern\u00e1ndez cont\u00f3 c\u00f3mo se siente despu\u00e9s del brutal planchazo de &#8220;Cuti&#8221; Romero"},"content":{"rendered":"\n<p>La salida del mediocampista preocup\u00f3 al cuerpo t\u00e9cnico de la Selecci\u00f3n argentina de cara a las Eliminatorias.<\/p>\n\n\n\n<p>El mediocampista de Chelsea<strong>\u00a0Enzo Fern\u00e1ndez public\u00f3 en sus redes sociales que ya se encuentra bien del\u00a0planchazo recibido por Cristian &#8220;Cuti&#8221; Romero\u00a0<\/strong>en el partido frente al Tottenham, que hizo que saliera reemplazado en el complemento por una molestia en su pierna.<\/p>\n\n\n\n<p>El Chelsea gole\u00f3 4 a 1 al Tottenham, con el empate de penal transitorio que lleg\u00f3 gracias a la infracci\u00f3n recibida de parte del &#8220;Cuti&#8221; hacia Enzo dentro del \u00e1rea. El cordob\u00e9s fue expulsado por el planchazo durante el primer tiempo y el mediocampista tuvo que salir en el inicio del complemento por el dolor.<\/p>\n\n\n\n<figure class=\"wp-block-image\"><img decoding=\"async\" src=\"https:\/\/noticiasargentinas.com\/images\/NA\/Contenidos\/enzo-fernandez_w862.webp\" alt=\"enzo-fernandez_w862.jpg\"\/><\/figure>\n\n\n\n<p><strong>&#8220;Gracias a todos por sus mensajes. Estoy bien, trabajando en mi recuperaci\u00f3n para llegar de la mejor manera al fin de semana&#8221;<\/strong>, public\u00f3 Enzo Fern\u00e1ndez en una historia en su cuenta oficial de la red social Instagram.<\/p>\n\n\n\n<p>Por este motivo, el ex River y Defensa y Justicia jugar\u00e1 este fin de semana frente a Manchester City en el estadio Stamford Bridge para despu\u00e9s retornar al pa\u00eds para disputar las Eliminatorias Sudamericanas ante Uruguay y Brasil el 16 y el 21 de noviembre, respectivamente.<\/p>\n","protected":false},"excerpt":{"rendered":"<p>La salida del mediocampista preocup\u00f3 al cuerpo t\u00e9cnico de la Selecci\u00f3n argentina de cara a las Eliminatorias. El mediocampista de Chelsea\u00a0Enzo Fern\u00e1ndez public\u00f3 en sus redes sociales que ya se&hellip; <\/p>\n","protected":false},"author":4,"featured_media":101030,"comment_status":"closed","ping_status":"open","sticky":false,"template":"","format":"standard","meta":{"footnotes":""},"categories":[4],"tags":[],"class_list":["post-101016","post","type-post","status-publish","format-standard","has-post-thumbnail","hentry","category-deportes"],"_links":{"self":[{"href":"https:\/\/corrientesdetarde.com\/index.php\/wp-json\/wp\/v2\/posts\/101016","targetHints":{"allow":["GET"]}}],"collection":[{"href":"https:\/\/corrientesdetarde.com\/index.php\/wp-json\/wp\/v2\/posts"}],"about":[{"href":"https:\/\/corrientesdetarde.com\/index.php\/wp-json\/wp\/v2\/types\/post"}],"author":[{"embeddable":true,"href":"https:\/\/corrientesdetarde.com\/index.php\/wp-json\/wp\/v2\/users\/4"}],"replies":[{"embeddable":true,"href":"https:\/\/corrientesdetarde.com\/index.php\/wp-json\/wp\/v2\/comments?post=101016"}],"version-history":[{"count":1,"href":"https:\/\/corrientesdetarde.com\/index.php\/wp-json\/wp\/v2\/posts\/101016\/revisions"}],"predecessor-version":[{"id":101031,"href":"https:\/\/corrientesdetarde.com\/index.php\/wp-json\/wp\/v2\/posts\/101016\/revisions\/101031"}],"wp:featuredmedia":[{"embeddable":true,"href":"https:\/\/corrientesdetarde.com\/index.php\/wp-json\/wp\/v2\/media\/101030"}],"wp:attachment":[{"href":"https:\/\/corrientesdetarde.com\/index.php\/wp-json\/wp\/v2\/media?parent=101016"}],"wp:term":[{"taxonomy":"category","embeddable":true,"href":"https:\/\/corrientesdetarde.com\/index.php\/wp-json\/wp\/v2\/categories?post=101016"},{"taxonomy":"post_tag","embeddable":true,"href":"https:\/\/corrientesdetarde.com\/index.php\/wp-json\/wp\/v2\/tags?post=101016"}],"curies":[{"name":"wp","href":"https:\/\/api.w.org\/{rel}","templated":true}]}}