{"id":101021,"date":"2023-11-08T21:12:15","date_gmt":"2023-11-09T00:12:15","guid":{"rendered":"https:\/\/corrientesdetarde.com\/?p=101021"},"modified":"2023-11-08T21:12:18","modified_gmt":"2023-11-09T00:12:18","slug":"la-campana-de-israel-con-el-bebe-argentino-secuestrado-por-hamas-como-protagonista","status":"publish","type":"post","link":"https:\/\/corrientesdetarde.com\/index.php\/internacionales\/la-campana-de-israel-con-el-bebe-argentino-secuestrado-por-hamas-como-protagonista\/","title":{"rendered":"La campa\u00f1a de Israel con el beb\u00e9 argentino secuestrado por Ham\u00e1s como protagonista"},"content":{"rendered":"\n<p>\u201cPor mucho que lo intentes, no podr\u00e1s borrar la verdad\u201d, reza la publicaci\u00f3n en recuerdo de los rehenes que est\u00e1n en cautiverio desde hace un mes.<\/p>\n\n\n\n<p>A un mes del ataque de Ham\u00e1s sobre Israel,<strong>\u00a0el gobierno realiz\u00f3 una campa\u00f1a que tiene como protagonista a\u00a0Kfir Bibas<\/strong>, el\u00a0beb\u00e9 argentino de 10 meses que fue secuestrado por el grupo terrorista y que denota ser el m\u00e1s chico.<\/p>\n\n\n\n<p><strong>\u201cPor mucho que lo intentes, no podr\u00e1s borrar la verdad\u201d<\/strong>, reza la publicaci\u00f3n israel\u00ed en recuerdo de los rehenes que est\u00e1n en cautiverio desde hace un mes.&nbsp;&nbsp;<\/p>\n\n\n\n<p>El video difundido muestra un cartel pegado con cinta negra sobre un \u00e1rbol que informa sobre el secuestro de&nbsp;Kfir Bibas. Cuando la persona que filma se acerca,&nbsp;<strong>arranca con su mano el papel en referencia a los ciudadanos que en diferentes pa\u00edses del mundo aludieron a este tipo de acci\u00f3n a favor de Ham\u00e1s.<\/strong><\/p>\n\n\n\n<p>Detr\u00e1s de ese cartel despegado, hay otro que expresa que el beb\u00e9 es reh\u00e9n de Ham\u00e1s en Gaza<strong>&nbsp;&#8220;junto con otros 240 hombres, mujeres y ni\u00f1os&#8221;.&nbsp;<\/strong><\/p>\n\n\n\n<p><strong>&#8220;Tr\u00e1iganlos a casa ahora\u201d<\/strong>, se lee al final del papel.&nbsp;<\/p>\n\n\n\n<p><strong>Francisco Tropepi<\/strong>, ministro a cargo de la embajada de Argentina en Tel Aviv, hab\u00eda anunciado a fines de octubre que&nbsp;<strong>un beb\u00e9 israel\u00ed-argentino era el &#8220;reh\u00e9n m\u00e1s joven&#8221;.<\/strong><\/p>\n\n\n\n<p>El brutal ataque de Ham\u00e1s a Israel&nbsp;<strong>ya se cobr\u00f3 al vida de 1400 personas y se registraron m\u00e1s de 240 secuestrados<\/strong>, de los cu\u00e1les&nbsp;<strong>21 son argentinos.&nbsp;<\/strong><\/p>\n\n\n\n<p>Al cumplirse un mes, el gobierno de la Ciudad de Buenos Aires, junto con organizaciones, realizaron en el Obelisco una<strong>&nbsp;protesta con peluches&nbsp;para que liberen a los menores secuestrados.<\/strong><\/p>\n\n\n\n<p>El monumento hist\u00f3rico fue intervenido con&nbsp;<strong>peluches<\/strong>&nbsp;en conmemoraci\u00f3n de los&nbsp;<strong>40&nbsp;beb\u00e9s, ni\u00f1os y adolescentes<\/strong>&nbsp;que son rehenes del grupo terrorista desde el 7 de octubre.&nbsp;<\/p>\n\n\n\n<p>&#8220;<strong>Esta es una acci\u00f3n que nace de la angustia y el dolor<\/strong>. Resulta imposible pensar lo que puedan estar viviendo estos ni\u00f1os y ni\u00f1as en manos de estos b\u00e1rbaros, y cada minuto&#8221;, afirmaron desde la organizaci\u00f3n\u00a0<strong>KIDSnapped From Israel.\u00a0<\/strong><\/p>\n\n\n\n<figure class=\"wp-block-video\"><video height=\"848\" style=\"aspect-ratio: 480 \/ 848;\" width=\"480\" controls src=\"https:\/\/corrientesdetarde.com\/wp-content\/uploads\/2023\/11\/193391.mp4\"><\/video><\/figure>\n","protected":false},"excerpt":{"rendered":"<p>\u201cPor mucho que lo intentes, no podr\u00e1s borrar la verdad\u201d, reza la publicaci\u00f3n en recuerdo de los rehenes que est\u00e1n en cautiverio desde hace un mes. A un mes del&hellip; <\/p>\n","protected":false},"author":4,"featured_media":101022,"comment_status":"closed","ping_status":"open","sticky":false,"template":"","format":"standard","meta":{"footnotes":""},"categories":[11],"tags":[],"class_list":["post-101021","post","type-post","status-publish","format-standard","has-post-thumbnail","hentry","category-internacionales"],"_links":{"self":[{"href":"https:\/\/corrientesdetarde.com\/index.php\/wp-json\/wp\/v2\/posts\/101021","targetHints":{"allow":["GET"]}}],"collection":[{"href":"https:\/\/corrientesdetarde.com\/index.php\/wp-json\/wp\/v2\/posts"}],"about":[{"href":"https:\/\/corrientesdetarde.com\/index.php\/wp-json\/wp\/v2\/types\/post"}],"author":[{"embeddable":true,"href":"https:\/\/corrientesdetarde.com\/index.php\/wp-json\/wp\/v2\/users\/4"}],"replies":[{"embeddable":true,"href":"https:\/\/corrientesdetarde.com\/index.php\/wp-json\/wp\/v2\/comments?post=101021"}],"version-history":[{"count":1,"href":"https:\/\/corrientesdetarde.com\/index.php\/wp-json\/wp\/v2\/posts\/101021\/revisions"}],"predecessor-version":[{"id":101024,"href":"https:\/\/corrientesdetarde.com\/index.php\/wp-json\/wp\/v2\/posts\/101021\/revisions\/101024"}],"wp:featuredmedia":[{"embeddable":true,"href":"https:\/\/corrientesdetarde.com\/index.php\/wp-json\/wp\/v2\/media\/101022"}],"wp:attachment":[{"href":"https:\/\/corrientesdetarde.com\/index.php\/wp-json\/wp\/v2\/media?parent=101021"}],"wp:term":[{"taxonomy":"category","embeddable":true,"href":"https:\/\/corrientesdetarde.com\/index.php\/wp-json\/wp\/v2\/categories?post=101021"},{"taxonomy":"post_tag","embeddable":true,"href":"https:\/\/corrientesdetarde.com\/index.php\/wp-json\/wp\/v2\/tags?post=101021"}],"curies":[{"name":"wp","href":"https:\/\/api.w.org\/{rel}","templated":true}]}}