{"id":101027,"date":"2023-11-08T21:32:10","date_gmt":"2023-11-09T00:32:10","guid":{"rendered":"https:\/\/corrientesdetarde.com\/?p=101027"},"modified":"2023-11-08T21:32:21","modified_gmt":"2023-11-09T00:32:21","slug":"panama-un-hombre-mato-a-dos-personas-en-una-protesta-por-la-explotacion-minera","status":"publish","type":"post","link":"https:\/\/corrientesdetarde.com\/index.php\/internacionales\/panama-un-hombre-mato-a-dos-personas-en-una-protesta-por-la-explotacion-minera\/","title":{"rendered":"Panam\u00e1: un hombre mat\u00f3 a dos personas en una protesta por la explotaci\u00f3n minera"},"content":{"rendered":"\n<p>El agresor les dispar\u00f3 a ambos manifestantes mientras cortaban una ruta.<\/p>\n\n\n\n<p>Un hecho aberrante conmociona a\u00a0Panam\u00e1.\u00a0<strong>Un hombre estadounidense de 77 a\u00f1os mat\u00f3 a dos personas en una protesta contra un contrato minero.<\/strong>\u00a0El asesino que fue detenido les dispar\u00f3 a los manifestantes mientras cortaban una ruta de ese pa\u00eds centroamericano.<\/p>\n\n\n\n<p>El doble crimen fue captado por las c\u00e1maras y se viraliz\u00f3 en las redes sociales.&nbsp;<strong>\u201cLa Polic\u00eda Nacional aprehende a un adulto mayor presuntamente vinculado a un hecho donde dos personas pierden la vida registrada en el distrito de Chame\u201d<\/strong>, inform\u00f3 la autoridad en su cuenta de X.<\/p>\n\n\n\n<p>Las dos v\u00edctimas fatales, identificadas como Iv\u00e1n Rodr\u00edguez y Abdiel D\u00edaz, son las primeras en que dejan estas marchas iniciadas el 20 de octubre pasado contra el convenio de la empresa canadiense&nbsp;<strong>First Quantum Minerales (FSM)<\/strong>, que opera la mina de cobre a cielo abierto m\u00e1s grande de Am\u00e9rica Central en el Caribe paname\u00f1o.<\/p>\n\n\n\n<p>D\u00edaz muri\u00f3 en el acto, mientras que Rodr\u00edguez falleci\u00f3 en un hospital.&nbsp;<strong>&#8220;Fueron impactados por proyectil de arma de fuego, por el se\u00f1or [..], con un arma de fuego tipo pistola, al momento que se dio una discusi\u00f3n con los manifestantes que manten\u00edan la v\u00eda cerrada&#8221;<\/strong>, agreg\u00f3 la polic\u00eda.<\/p>\n\n\n\n<p>A su vez, la Fiscal\u00eda confirm\u00f3 que &#8220;investiga a\u00a0<strong>Kenneth Darlington<\/strong>\u00a0(el asesino) por el delito contra la vida e integridad personal en perjuicio de dos personas que se encontraban en el cierre de v\u00edas&#8221;.<\/p>\n\n\n\n<figure class=\"wp-block-embed is-type-rich is-provider-twitter wp-block-embed-twitter\"><div class=\"wp-block-embed__wrapper\">\n<blockquote class=\"twitter-tweet\" data-width=\"550\" data-dnt=\"true\"><p lang=\"es\" dir=\"ltr\"><a href=\"https:\/\/twitter.com\/hashtag\/ULTIMAHORA?src=hash&amp;ref_src=twsrc%5Etfw\">#ULTIMAHORA<\/a> \ud83c\uddf5\ud83c\udde6 Tragedia en Panam\u00e1: Un hombre de 77 a\u00f1os, dispara contra manifestantes en Chame, causando dos muertes. Las v\u00edctimas protestaban por un contrato minero.<br>Noticia completa en los comentarios \ud83d\udc47 <a href=\"https:\/\/t.co\/0mrZvz1M1W\">pic.twitter.com\/0mrZvz1M1W<\/a><\/p>&mdash; Cr\u00f3nicaPolicial (@CronicaPolicial) <a href=\"https:\/\/twitter.com\/CronicaPolicial\/status\/1722062541914886173?ref_src=twsrc%5Etfw\">November 8, 2023<\/a><\/blockquote><script async src=\"https:\/\/platform.twitter.com\/widgets.js\" charset=\"utf-8\"><\/script>\n<\/div><\/figure>\n\n\n\n<p>El presidente de Panam\u00e1,\u00a0<strong>Laurentino Cortizo,<\/strong>\u00a0envi\u00f3 su p\u00e9same a las familias de las v\u00edctimas:<strong>\u00a0&#8220;Se trata de un hecho que no tiene cabida en una sociedad llamada a ser solidaria como la nuestra&#8221;<\/strong>, expres\u00f3 en la red social X.<\/p>\n\n\n\n<figure class=\"wp-block-embed is-type-rich is-provider-twitter wp-block-embed-twitter\"><div class=\"wp-block-embed__wrapper\">\n<blockquote class=\"twitter-tweet\" data-width=\"550\" data-dnt=\"true\"><p lang=\"es\" dir=\"ltr\">Expreso mis condolencias a las familias de los dos ciudadanos que perdieron la vida en un incidente registrado este martes en un sector de Panam\u00e1 Oeste. Se trata de un hecho que no tiene cabida en una sociedad llamada a ser solidaria como la nuestra.<\/p>&mdash; Nito Cortizo (@NitoCortizo) <a href=\"https:\/\/twitter.com\/NitoCortizo\/status\/1722065090411679771?ref_src=twsrc%5Etfw\">November 8, 2023<\/a><\/blockquote><script async src=\"https:\/\/platform.twitter.com\/widgets.js\" charset=\"utf-8\"><\/script>\n<\/div><\/figure>\n","protected":false},"excerpt":{"rendered":"<p>El agresor les dispar\u00f3 a ambos manifestantes mientras cortaban una ruta. Un hecho aberrante conmociona a\u00a0Panam\u00e1.\u00a0Un hombre estadounidense de 77 a\u00f1os mat\u00f3 a dos personas en una protesta contra un&hellip; <\/p>\n","protected":false},"author":4,"featured_media":101028,"comment_status":"closed","ping_status":"open","sticky":false,"template":"","format":"standard","meta":{"footnotes":""},"categories":[11],"tags":[],"class_list":["post-101027","post","type-post","status-publish","format-standard","has-post-thumbnail","hentry","category-internacionales"],"_links":{"self":[{"href":"https:\/\/corrientesdetarde.com\/index.php\/wp-json\/wp\/v2\/posts\/101027","targetHints":{"allow":["GET"]}}],"collection":[{"href":"https:\/\/corrientesdetarde.com\/index.php\/wp-json\/wp\/v2\/posts"}],"about":[{"href":"https:\/\/corrientesdetarde.com\/index.php\/wp-json\/wp\/v2\/types\/post"}],"author":[{"embeddable":true,"href":"https:\/\/corrientesdetarde.com\/index.php\/wp-json\/wp\/v2\/users\/4"}],"replies":[{"embeddable":true,"href":"https:\/\/corrientesdetarde.com\/index.php\/wp-json\/wp\/v2\/comments?post=101027"}],"version-history":[{"count":1,"href":"https:\/\/corrientesdetarde.com\/index.php\/wp-json\/wp\/v2\/posts\/101027\/revisions"}],"predecessor-version":[{"id":101029,"href":"https:\/\/corrientesdetarde.com\/index.php\/wp-json\/wp\/v2\/posts\/101027\/revisions\/101029"}],"wp:featuredmedia":[{"embeddable":true,"href":"https:\/\/corrientesdetarde.com\/index.php\/wp-json\/wp\/v2\/media\/101028"}],"wp:attachment":[{"href":"https:\/\/corrientesdetarde.com\/index.php\/wp-json\/wp\/v2\/media?parent=101027"}],"wp:term":[{"taxonomy":"category","embeddable":true,"href":"https:\/\/corrientesdetarde.com\/index.php\/wp-json\/wp\/v2\/categories?post=101027"},{"taxonomy":"post_tag","embeddable":true,"href":"https:\/\/corrientesdetarde.com\/index.php\/wp-json\/wp\/v2\/tags?post=101027"}],"curies":[{"name":"wp","href":"https:\/\/api.w.org\/{rel}","templated":true}]}}