{"id":101032,"date":"2023-11-08T21:53:25","date_gmt":"2023-11-09T00:53:25","guid":{"rendered":"https:\/\/corrientesdetarde.com\/?p=101032"},"modified":"2023-11-08T21:53:28","modified_gmt":"2023-11-09T00:53:28","slug":"cuando-juega-la-seleccion-argentina-por-el-mundial-sub-17","status":"publish","type":"post","link":"https:\/\/corrientesdetarde.com\/index.php\/deportes\/cuando-juega-la-seleccion-argentina-por-el-mundial-sub-17\/","title":{"rendered":"Cu\u00e1ndo juega la Selecci\u00f3n Argentina por el Mundial Sub 17"},"content":{"rendered":"\n<p>El conjunto de Diego Placente arranca una nueva ilusi\u00f3n en la Copa del Mundo de la categor\u00eda que se desarrolla en Indonesia.<\/p>\n\n\n\n<p>La&nbsp;<strong>Selecci\u00f3n Argentina<\/strong>&nbsp;que dirige&nbsp;<strong>Diego Placente<\/strong>&nbsp;y que tiene a&nbsp;<strong>Claudio Echeverri<\/strong>&nbsp;como figura y capit\u00e1n, tendr\u00e1 su debuta este s\u00e1bado en el&nbsp;<strong>Mundial Sub 17<\/strong>&nbsp;que se desarrolla en&nbsp;<strong>Indonesia<\/strong>.<\/p>\n\n\n\n<p>El conjunto nacional forma parte del Grupo D y\u00a0<strong>debutar\u00e1 el s\u00e1bado desde las 9 horas de Argentina ante Senegal<\/strong>. El partido podr\u00e1 verse por TyC Sports.\u00a0<\/p>\n\n\n\n<figure class=\"wp-block-embed is-type-rich is-provider-twitter wp-block-embed-twitter\"><div class=\"wp-block-embed__wrapper\">\n<blockquote class=\"twitter-tweet\" data-width=\"550\" data-dnt=\"true\"><p lang=\"es\" dir=\"ltr\"><a href=\"https:\/\/twitter.com\/hashtag\/Sub17?src=hash&amp;ref_src=twsrc%5Etfw\">#Sub17<\/a> &#8211; <a href=\"https:\/\/twitter.com\/hashtag\/U17WC?src=hash&amp;ref_src=twsrc%5Etfw\">#U17WC<\/a> \ud83c\udfc6<br><br>\ud83d\udd25 El capit\u00e1n est\u00e1 listo para representar los colores m\u00e1s lindos, en esta oportunidad en Indonesia.<br><br>\ud83d\udd1c El s\u00e1bado, desde las 9.00, el debut \ud83c\udd9a <a href=\"https:\/\/twitter.com\/hashtag\/Senegal?src=hash&amp;ref_src=twsrc%5Etfw\">#Senegal<\/a> \ud83c\uddf8\ud83c\uddf3 <a href=\"https:\/\/t.co\/lHYvK9AgXr\">pic.twitter.com\/lHYvK9AgXr<\/a><\/p>&mdash; \ud83c\udde6\ud83c\uddf7 Selecci\u00f3n Argentina \u2b50\u2b50\u2b50 (@Argentina) <a href=\"https:\/\/twitter.com\/Argentina\/status\/1721935551408771582?ref_src=twsrc%5Etfw\">November 7, 2023<\/a><\/blockquote><script async src=\"https:\/\/platform.twitter.com\/widgets.js\" charset=\"utf-8\"><\/script>\n<\/div><\/figure>\n\n\n\n<h2 class=\"wp-block-heading\">C\u00f3mo ver en vivo Argentina vs Senegal por el Mundial Sub 17<\/h2>\n\n\n\n<p>El debut del equipo juvenil argentino&nbsp;<strong>ser\u00e1 este s\u00e1bado desde las 9 horas<\/strong>. Se podr\u00e1 ver en vivo por la se\u00f1al de cable TyC Sports, o por dispositivos digitales a trav\u00e9s de las plataformas Flow, Telecentro Play o Directv Go.<\/p>\n\n\n\n<h2 class=\"wp-block-heading\">Calendario de partidos de la Selecci\u00f3n Argentina en el Mundial Sub 17&nbsp;<\/h2>\n\n\n\n<ul class=\"wp-block-list\"><li><strong>Argentina vs Senegal: s\u00e1bado 11 de noviembre<\/strong><\/li><li>Argentina vs Jap\u00f3n: martes 14 de noviembre<\/li><li>Argentina vs Polonia: viernes 17 de noviembre<\/li><\/ul>\n\n\n\n<h2 class=\"wp-block-heading\"><strong>C\u00f3mo es el formato del Mundial Sub 17<\/strong><\/h2>\n\n\n\n<p>Las selecciones estar\u00e1n divididas en seis grupos de cuatro cada uno, en donde jugar\u00e1n todos contra todos.&nbsp;<strong>Clasifican a octavos de final los primeros y segundos de cada grupo y los acompa\u00f1ar\u00e1n los cuatro mejores terceros.&nbsp;<\/strong>Luego, a partir de octavos, duelos de eliminaci\u00f3n directa.<\/p>\n\n\n\n<p>La primera fase terminar\u00e1 el s\u00e1bado 18 de este mes, el 19 no habr\u00e1 partidos. Ya el, 20 los equipos que logren superar la fase grupos empezar\u00e1n a jugar sus respectivos encuentros para tratar de llegar a l<strong>a final que se disputar\u00e1 el 2 de diciembre en la ciudad de Surakarta.<\/strong><\/p>\n","protected":false},"excerpt":{"rendered":"<p>El conjunto de Diego Placente arranca una nueva ilusi\u00f3n en la Copa del Mundo de la categor\u00eda que se desarrolla en Indonesia. La&nbsp;Selecci\u00f3n Argentina&nbsp;que dirige&nbsp;Diego Placente&nbsp;y que tiene a&nbsp;Claudio Echeverri&nbsp;como&hellip; <\/p>\n","protected":false},"author":4,"featured_media":101033,"comment_status":"closed","ping_status":"open","sticky":false,"template":"","format":"standard","meta":{"footnotes":""},"categories":[4],"tags":[],"class_list":["post-101032","post","type-post","status-publish","format-standard","has-post-thumbnail","hentry","category-deportes"],"_links":{"self":[{"href":"https:\/\/corrientesdetarde.com\/index.php\/wp-json\/wp\/v2\/posts\/101032","targetHints":{"allow":["GET"]}}],"collection":[{"href":"https:\/\/corrientesdetarde.com\/index.php\/wp-json\/wp\/v2\/posts"}],"about":[{"href":"https:\/\/corrientesdetarde.com\/index.php\/wp-json\/wp\/v2\/types\/post"}],"author":[{"embeddable":true,"href":"https:\/\/corrientesdetarde.com\/index.php\/wp-json\/wp\/v2\/users\/4"}],"replies":[{"embeddable":true,"href":"https:\/\/corrientesdetarde.com\/index.php\/wp-json\/wp\/v2\/comments?post=101032"}],"version-history":[{"count":1,"href":"https:\/\/corrientesdetarde.com\/index.php\/wp-json\/wp\/v2\/posts\/101032\/revisions"}],"predecessor-version":[{"id":101034,"href":"https:\/\/corrientesdetarde.com\/index.php\/wp-json\/wp\/v2\/posts\/101032\/revisions\/101034"}],"wp:featuredmedia":[{"embeddable":true,"href":"https:\/\/corrientesdetarde.com\/index.php\/wp-json\/wp\/v2\/media\/101033"}],"wp:attachment":[{"href":"https:\/\/corrientesdetarde.com\/index.php\/wp-json\/wp\/v2\/media?parent=101032"}],"wp:term":[{"taxonomy":"category","embeddable":true,"href":"https:\/\/corrientesdetarde.com\/index.php\/wp-json\/wp\/v2\/categories?post=101032"},{"taxonomy":"post_tag","embeddable":true,"href":"https:\/\/corrientesdetarde.com\/index.php\/wp-json\/wp\/v2\/tags?post=101032"}],"curies":[{"name":"wp","href":"https:\/\/api.w.org\/{rel}","templated":true}]}}