{"id":101035,"date":"2023-11-08T22:26:40","date_gmt":"2023-11-09T01:26:40","guid":{"rendered":"https:\/\/corrientesdetarde.com\/?p=101035"},"modified":"2023-11-08T22:26:52","modified_gmt":"2023-11-09T01:26:52","slug":"impulsan-la-proteccion-de-las-tres-areas-naturales-y-la-creacion-de-fuentes-de-trabajo","status":"publish","type":"post","link":"https:\/\/corrientesdetarde.com\/index.php\/actualidad\/impulsan-la-proteccion-de-las-tres-areas-naturales-y-la-creacion-de-fuentes-de-trabajo\/","title":{"rendered":"Impulsan la protecci\u00f3n de las tres \u00e1reas naturales y la creaci\u00f3n de fuentes de trabajo"},"content":{"rendered":"\n<p>El Ministro de Coordinaci\u00f3n y Planificaci\u00f3n, Miguel Olivieri encabez\u00f3 junto a funcionarios nacionales, municipales y extranjeros el Segundo Encuentro de \u00c1reas Naturales Protegidas que se desarrolla en la localidad de Monte Caseros en forma conjunta con los municipios de Barra Do Quara\u00ed, Bella Uni\u00f3n y R\u00edo Negro.<br>En representaci\u00f3n del Gobierno Provincial destac\u00f3 el trabajo que se realiza para poder conjugar Urbanismo y Ambiente en un c\u00edrculo que genere valor para el desarrollo de las localidades. &#8220;Estos a\u00f1os no han sido favorables por la cuesti\u00f3n ambiental, sequ\u00eda, incendios, pero por decisi\u00f3n del Gobernador Gustavo Vald\u00e9s tomamos acciones concretas para seguir un proceso firme hacia el futuro&#8221;, remarc\u00f3 el funcionario provincial.<\/p>\n\n\n\n<p><\/p>\n\n\n\n<figure class=\"wp-block-image size-large\"><img loading=\"lazy\" decoding=\"async\" width=\"1024\" height=\"682\" src=\"https:\/\/corrientesdetarde.com\/wp-content\/uploads\/2023\/11\/WhatsApp-Image-2023-11-08-at-17.19.31-1024x682.jpeg\" alt=\"\" class=\"wp-image-101037\" srcset=\"https:\/\/corrientesdetarde.com\/wp-content\/uploads\/2023\/11\/WhatsApp-Image-2023-11-08-at-17.19.31-1024x682.jpeg 1024w, https:\/\/corrientesdetarde.com\/wp-content\/uploads\/2023\/11\/WhatsApp-Image-2023-11-08-at-17.19.31-300x200.jpeg 300w, https:\/\/corrientesdetarde.com\/wp-content\/uploads\/2023\/11\/WhatsApp-Image-2023-11-08-at-17.19.31-768x512.jpeg 768w, https:\/\/corrientesdetarde.com\/wp-content\/uploads\/2023\/11\/WhatsApp-Image-2023-11-08-at-17.19.31-1536x1023.jpeg 1536w, https:\/\/corrientesdetarde.com\/wp-content\/uploads\/2023\/11\/WhatsApp-Image-2023-11-08-at-17.19.31.jpeg 1600w\" sizes=\"auto, (max-width: 1024px) 100vw, 1024px\" \/><\/figure>\n\n\n\n<p><br>La Regi\u00f3n Transfronteriza m\u00e1s austral del mundo vive desde este mi\u00e9rcoles 8 de noviembre el 2\u00b0 Encuentro de \u00c1reas Naturales Protegidas del R\u00edo Uruguay en Monte Caseros, hasta el 10 con una agenda completa que abarca el turismo responsable de la naturaleza como aliado de la conservaci\u00f3n de la biodiversidad y del desarrollo sostenible de la regi\u00f3n.<br>El encuentro tuvo su apertura formal en la Casa del Bicentenario y estuvo encabezado por el Ministro de Coordinaci\u00f3n y Planificaci\u00f3n Cr. Miguel Olivieri junto a representantes del Comit\u00e9 para el Desarrollo de la Cuenca del R\u00edo Uruguay, ministerios de ambientes de los tres pa\u00edses, funcionarios de los gobiernos municipales de Monte Caseros, R\u00edo Negro, Barra do Quara\u00ed, Represa de Salto Grande, secretar\u00eda de Ambiente de Entre R\u00edos, Movimiento Transfronterizo de ONGS, Administraci\u00f3n de Parques Nacionales, \u00c1reas Naturales Protegidas y Parques y Reservas de Corrientes. Como as\u00ed tambi\u00e9n cuenta con el auspicio del Ministerio de Defensa Argentino, la Comisi\u00f3n Administradora del R\u00edo Uruguay, Red de Mujeres de Monte Caseros, ICCA, Agencia Uruguaya de Cooperaci\u00f3n Internacional, Red Uruguaya de ONGS Ambientalista, Fondo Extreme\u00f1o de Cooperaci\u00f3n para el Desarrollo, ALADI y Ministerio de Relaciones Exteriores de Uruguay.<\/p>\n","protected":false},"excerpt":{"rendered":"<p>El Ministro de Coordinaci\u00f3n y Planificaci\u00f3n, Miguel Olivieri encabez\u00f3 junto a funcionarios nacionales, municipales y extranjeros el Segundo Encuentro de \u00c1reas Naturales Protegidas que se desarrolla en la localidad de&hellip; <\/p>\n","protected":false},"author":4,"featured_media":101036,"comment_status":"closed","ping_status":"open","sticky":false,"template":"","format":"standard","meta":{"footnotes":""},"categories":[23],"tags":[],"class_list":["post-101035","post","type-post","status-publish","format-standard","has-post-thumbnail","hentry","category-actualidad"],"_links":{"self":[{"href":"https:\/\/corrientesdetarde.com\/index.php\/wp-json\/wp\/v2\/posts\/101035","targetHints":{"allow":["GET"]}}],"collection":[{"href":"https:\/\/corrientesdetarde.com\/index.php\/wp-json\/wp\/v2\/posts"}],"about":[{"href":"https:\/\/corrientesdetarde.com\/index.php\/wp-json\/wp\/v2\/types\/post"}],"author":[{"embeddable":true,"href":"https:\/\/corrientesdetarde.com\/index.php\/wp-json\/wp\/v2\/users\/4"}],"replies":[{"embeddable":true,"href":"https:\/\/corrientesdetarde.com\/index.php\/wp-json\/wp\/v2\/comments?post=101035"}],"version-history":[{"count":1,"href":"https:\/\/corrientesdetarde.com\/index.php\/wp-json\/wp\/v2\/posts\/101035\/revisions"}],"predecessor-version":[{"id":101038,"href":"https:\/\/corrientesdetarde.com\/index.php\/wp-json\/wp\/v2\/posts\/101035\/revisions\/101038"}],"wp:featuredmedia":[{"embeddable":true,"href":"https:\/\/corrientesdetarde.com\/index.php\/wp-json\/wp\/v2\/media\/101036"}],"wp:attachment":[{"href":"https:\/\/corrientesdetarde.com\/index.php\/wp-json\/wp\/v2\/media?parent=101035"}],"wp:term":[{"taxonomy":"category","embeddable":true,"href":"https:\/\/corrientesdetarde.com\/index.php\/wp-json\/wp\/v2\/categories?post=101035"},{"taxonomy":"post_tag","embeddable":true,"href":"https:\/\/corrientesdetarde.com\/index.php\/wp-json\/wp\/v2\/tags?post=101035"}],"curies":[{"name":"wp","href":"https:\/\/api.w.org\/{rel}","templated":true}]}}